{"id":1044,"date":"2016-10-11T19:33:06","date_gmt":"2016-10-11T18:33:06","guid":{"rendered":"http:\/\/www.amisdesjardinsfamiliauxdesaverne.fr\/?p=1044"},"modified":"2016-10-11T19:33:06","modified_gmt":"2016-10-11T18:33:06","slug":"et-encore-une-etape-2","status":"publish","type":"post","link":"https:\/\/www.amisdesjardinsfamiliauxdesaverne.fr\/?p=1044","title":{"rendered":"Et encore une \u00e9tape"},"content":{"rendered":"<p>Le toit vitr\u00e9 et la moiti\u00e9 des parois sont\u00a0pos\u00e9s.<\/p>\n<p>Un quiz: Sur la photo, qui est dans la serre derri\u00e8re la paroi vitr\u00e9e ?<\/p>\n<p style=\"text-align: center;\"><a href=\"https:\/\/www.amisdesjardinsfamiliauxdesaverne.fr\/wp-content\/uploads\/2016\/10\/10.-parois-e1476210749591.jpg\"><img loading=\"lazy\" decoding=\"async\" class=\"alignnone size-medium wp-image-1045 colorbox-1044\" src=\"https:\/\/www.amisdesjardinsfamiliauxdesaverne.fr\/wp-content\/uploads\/2016\/10\/10.-parois-e1476210749591-300x169.jpg\" alt=\"10-parois\" width=\"300\" height=\"169\" srcset=\"https:\/\/www.amisdesjardinsfamiliauxdesaverne.fr\/wp-content\/uploads\/2016\/10\/10.-parois-e1476210749591-300x169.jpg 300w, https:\/\/www.amisdesjardinsfamiliauxdesaverne.fr\/wp-content\/uploads\/2016\/10\/10.-parois-e1476210749591-768x432.jpg 768w, https:\/\/www.amisdesjardinsfamiliauxdesaverne.fr\/wp-content\/uploads\/2016\/10\/10.-parois-e1476210749591-500x281.jpg 500w, https:\/\/www.amisdesjardinsfamiliauxdesaverne.fr\/wp-content\/uploads\/2016\/10\/10.-parois-e1476210749591.jpg 865w\" sizes=\"auto, (max-width: 300px) 100vw, 300px\" \/><\/a><\/p>\n<p>&nbsp;<\/p>\n","protected":false},"excerpt":{"rendered":"<p>Le toit vitr\u00e9 et la moiti\u00e9 des parois sont\u00a0pos\u00e9s. Un quiz: Sur la photo, qui est dans la serre derri\u00e8re la paroi vitr\u00e9e ? &nbsp;<\/p>\n","protected":false},"author":1,"featured_media":0,"comment_status":"open","ping_status":"closed","sticky":false,"template":"","format":"standard","meta":{"footnotes":""},"categories":[1],"tags":[],"class_list":["post-1044","post","type-post","status-publish","format-standard","hentry","category-vie-associative"],"_links":{"self":[{"href":"https:\/\/www.amisdesjardinsfamiliauxdesaverne.fr\/index.php?rest_route=\/wp\/v2\/posts\/1044","targetHints":{"allow":["GET"]}}],"collection":[{"href":"https:\/\/www.amisdesjardinsfamiliauxdesaverne.fr\/index.php?rest_route=\/wp\/v2\/posts"}],"about":[{"href":"https:\/\/www.amisdesjardinsfamiliauxdesaverne.fr\/index.php?rest_route=\/wp\/v2\/types\/post"}],"author":[{"embeddable":true,"href":"https:\/\/www.amisdesjardinsfamiliauxdesaverne.fr\/index.php?rest_route=\/wp\/v2\/users\/1"}],"replies":[{"embeddable":true,"href":"https:\/\/www.amisdesjardinsfamiliauxdesaverne.fr\/index.php?rest_route=%2Fwp%2Fv2%2Fcomments&post=1044"}],"version-history":[{"count":1,"href":"https:\/\/www.amisdesjardinsfamiliauxdesaverne.fr\/index.php?rest_route=\/wp\/v2\/posts\/1044\/revisions"}],"predecessor-version":[{"id":1046,"href":"https:\/\/www.amisdesjardinsfamiliauxdesaverne.fr\/index.php?rest_route=\/wp\/v2\/posts\/1044\/revisions\/1046"}],"wp:attachment":[{"href":"https:\/\/www.amisdesjardinsfamiliauxdesaverne.fr\/index.php?rest_route=%2Fwp%2Fv2%2Fmedia&parent=1044"}],"wp:term":[{"taxonomy":"category","embeddable":true,"href":"https:\/\/www.amisdesjardinsfamiliauxdesaverne.fr\/index.php?rest_route=%2Fwp%2Fv2%2Fcategories&post=1044"},{"taxonomy":"post_tag","embeddable":true,"href":"https:\/\/www.amisdesjardinsfamiliauxdesaverne.fr\/index.php?rest_route=%2Fwp%2Fv2%2Ftags&post=1044"}],"curies":[{"name":"wp","href":"https:\/\/api.w.org\/{rel}","templated":true}]}}