{"id":16694,"date":"2023-04-16T18:00:16","date_gmt":"2023-04-16T17:00:16","guid":{"rendered":"https:\/\/www.amisdesjardinsfamiliauxdesaverne.fr\/?p=16694"},"modified":"2023-04-16T18:00:17","modified_gmt":"2023-04-16T17:00:17","slug":"prochaines-seances-de-travail-6","status":"publish","type":"post","link":"https:\/\/www.amisdesjardinsfamiliauxdesaverne.fr\/?p=16694","title":{"rendered":"Prochaines s\u00e9ances de travail :"},"content":{"rendered":"\n<p>Voici les dates des prochaines s\u00e9ances de travail :<\/p>\n<ul>\n<li>Samedi 29 avril 2023 de 9h00 \u00e0 12h00 &#8211; Resp. Sylvain Citerne<\/li>\n<li>Samedi 06 mai 2023 de 9h00 \u00e0 12h00 &#8211; Resp. G\u00e9rard Runtz<\/li>\n<li>Mercredi 17 mai 2023 de 14h00 \u00e0 17h00 &#8211; Resp. Antoine Osswald<\/li>\n<li>Samedi 27 mai 2023 de 9h00 \u00e0 12h00 &#8211; Resp. Jean Torr\u00e8s<\/li>\n<li>Samedi 03 juin 2023 de 9h00 \u00e0 12h00 &#8211; Resp. Sylvain Citerne<\/li>\n<\/ul>\n","protected":false},"excerpt":{"rendered":"<p>Voici les dates des prochaines s\u00e9ances de travail : Samedi 29 avril 2023 de 9h00 \u00e0 12h00 &#8211; Resp. Sylvain Citerne Samedi 06 mai 2023 de 9h00 \u00e0 12h00 &#8211; Resp. G\u00e9rard Runtz Mercredi 17 mai 2023 de 14h00 \u00e0 &hellip; <a href=\"https:\/\/www.amisdesjardinsfamiliauxdesaverne.fr\/?p=16694\">Continuer la lecture <span class=\"meta-nav\">&rarr;<\/span><\/a><\/p>\n","protected":false},"author":6,"featured_media":0,"comment_status":"closed","ping_status":"closed","sticky":false,"template":"","format":"standard","meta":{"footnotes":""},"categories":[1],"tags":[],"class_list":["post-16694","post","type-post","status-publish","format-standard","hentry","category-vie-associative"],"_links":{"self":[{"href":"https:\/\/www.amisdesjardinsfamiliauxdesaverne.fr\/index.php?rest_route=\/wp\/v2\/posts\/16694","targetHints":{"allow":["GET"]}}],"collection":[{"href":"https:\/\/www.amisdesjardinsfamiliauxdesaverne.fr\/index.php?rest_route=\/wp\/v2\/posts"}],"about":[{"href":"https:\/\/www.amisdesjardinsfamiliauxdesaverne.fr\/index.php?rest_route=\/wp\/v2\/types\/post"}],"author":[{"embeddable":true,"href":"https:\/\/www.amisdesjardinsfamiliauxdesaverne.fr\/index.php?rest_route=\/wp\/v2\/users\/6"}],"replies":[{"embeddable":true,"href":"https:\/\/www.amisdesjardinsfamiliauxdesaverne.fr\/index.php?rest_route=%2Fwp%2Fv2%2Fcomments&post=16694"}],"version-history":[{"count":1,"href":"https:\/\/www.amisdesjardinsfamiliauxdesaverne.fr\/index.php?rest_route=\/wp\/v2\/posts\/16694\/revisions"}],"predecessor-version":[{"id":16695,"href":"https:\/\/www.amisdesjardinsfamiliauxdesaverne.fr\/index.php?rest_route=\/wp\/v2\/posts\/16694\/revisions\/16695"}],"wp:attachment":[{"href":"https:\/\/www.amisdesjardinsfamiliauxdesaverne.fr\/index.php?rest_route=%2Fwp%2Fv2%2Fmedia&parent=16694"}],"wp:term":[{"taxonomy":"category","embeddable":true,"href":"https:\/\/www.amisdesjardinsfamiliauxdesaverne.fr\/index.php?rest_route=%2Fwp%2Fv2%2Fcategories&post=16694"},{"taxonomy":"post_tag","embeddable":true,"href":"https:\/\/www.amisdesjardinsfamiliauxdesaverne.fr\/index.php?rest_route=%2Fwp%2Fv2%2Ftags&post=16694"}],"curies":[{"name":"wp","href":"https:\/\/api.w.org\/{rel}","templated":true}]}}