{"id":174,"date":"2014-10-08T13:45:05","date_gmt":"2014-10-08T12:45:05","guid":{"rendered":"http:\/\/www.amisdesjardinsfamiliauxdesaverne.fr\/?p=174"},"modified":"2014-10-08T13:46:38","modified_gmt":"2014-10-08T12:46:38","slug":"rencontre-avec-nos-amis-allemands","status":"publish","type":"post","link":"https:\/\/www.amisdesjardinsfamiliauxdesaverne.fr\/?p=174","title":{"rendered":"Rencontre avec nos amis allemands"},"content":{"rendered":"<p>Bonjour,<\/p>\n<p>Vous \u00eates convi\u00e9s \u00e0 participer \u00e0 notre rencontre annuelle avec nos amis allemands samedi 6 septembre. A l&rsquo;ordre du jour, ap\u00e9ritif au chalet, repas partag\u00e9 et visite de l&rsquo;entreprise Urbiotop organis\u00e9 par Jean Fran\u00e7ois.<\/p>\n<p>Inscription aupr\u00e8s de Mme Papin ou par courriel.<\/p>\n<p>&nbsp;<\/p>\n<p>&nbsp;<\/p>\n<p>&nbsp;<\/p>\n","protected":false},"excerpt":{"rendered":"<p>Bonjour, Vous \u00eates convi\u00e9s \u00e0 participer \u00e0 notre rencontre annuelle avec nos amis allemands samedi 6 septembre. A l&rsquo;ordre du jour, ap\u00e9ritif au chalet, repas partag\u00e9 et visite de l&rsquo;entreprise Urbiotop organis\u00e9 par Jean Fran\u00e7ois. Inscription aupr\u00e8s de Mme Papin &hellip; <a href=\"https:\/\/www.amisdesjardinsfamiliauxdesaverne.fr\/?p=174\">Continuer la lecture <span class=\"meta-nav\">&rarr;<\/span><\/a><\/p>\n","protected":false},"author":1,"featured_media":0,"comment_status":"open","ping_status":"closed","sticky":false,"template":"","format":"standard","meta":{"footnotes":""},"categories":[1],"tags":[9],"class_list":["post-174","post","type-post","status-publish","format-standard","hentry","category-vie-associative","tag-jumelage"],"_links":{"self":[{"href":"https:\/\/www.amisdesjardinsfamiliauxdesaverne.fr\/index.php?rest_route=\/wp\/v2\/posts\/174","targetHints":{"allow":["GET"]}}],"collection":[{"href":"https:\/\/www.amisdesjardinsfamiliauxdesaverne.fr\/index.php?rest_route=\/wp\/v2\/posts"}],"about":[{"href":"https:\/\/www.amisdesjardinsfamiliauxdesaverne.fr\/index.php?rest_route=\/wp\/v2\/types\/post"}],"author":[{"embeddable":true,"href":"https:\/\/www.amisdesjardinsfamiliauxdesaverne.fr\/index.php?rest_route=\/wp\/v2\/users\/1"}],"replies":[{"embeddable":true,"href":"https:\/\/www.amisdesjardinsfamiliauxdesaverne.fr\/index.php?rest_route=%2Fwp%2Fv2%2Fcomments&post=174"}],"version-history":[{"count":1,"href":"https:\/\/www.amisdesjardinsfamiliauxdesaverne.fr\/index.php?rest_route=\/wp\/v2\/posts\/174\/revisions"}],"predecessor-version":[{"id":175,"href":"https:\/\/www.amisdesjardinsfamiliauxdesaverne.fr\/index.php?rest_route=\/wp\/v2\/posts\/174\/revisions\/175"}],"wp:attachment":[{"href":"https:\/\/www.amisdesjardinsfamiliauxdesaverne.fr\/index.php?rest_route=%2Fwp%2Fv2%2Fmedia&parent=174"}],"wp:term":[{"taxonomy":"category","embeddable":true,"href":"https:\/\/www.amisdesjardinsfamiliauxdesaverne.fr\/index.php?rest_route=%2Fwp%2Fv2%2Fcategories&post=174"},{"taxonomy":"post_tag","embeddable":true,"href":"https:\/\/www.amisdesjardinsfamiliauxdesaverne.fr\/index.php?rest_route=%2Fwp%2Fv2%2Ftags&post=174"}],"curies":[{"name":"wp","href":"https:\/\/api.w.org\/{rel}","templated":true}]}}