{"id":397,"date":"2015-02-10T11:05:32","date_gmt":"2015-02-10T10:05:32","guid":{"rendered":"http:\/\/www.amisdesjardinsfamiliauxdesaverne.fr\/?p=397"},"modified":"2015-02-11T14:24:15","modified_gmt":"2015-02-11T13:24:15","slug":"397","status":"publish","type":"post","link":"https:\/\/www.amisdesjardinsfamiliauxdesaverne.fr\/?p=397","title":{"rendered":"Permanences pour les cotisations"},"content":{"rendered":"<p>Vous n&rsquo;avez pas encore r\u00e9gl\u00e9 votre cotisation, vous avez une question, les membres du comit\u00e9 vous accueillent au chalet de l&rsquo;association aux dates et heures ci-dessous:<br \/>\n&#8211; Mercredi 11 f\u00e9vrier de 09h00 \u00e010h30<br \/>\n&#8211; Samedi 14 f\u00e9vrier de 09h00 \u00e0 11h00 et 14h00 \u00e0 16h00<br \/>\n&#8211; Dimanche 15 f\u00e9vrier de 10h00 \u00e3 12h00<br \/>\n&#8211; Mercredi 18 f\u00e9vrier de 09h00 \u00e0 10h30<br \/>\n&#8211; Samedi 21 f\u00e9vrier de 09h00 \u00e3 11h00<br \/>\n&#8211; Samedi 21 f\u00e9vrier de 14h00 \u00e3 16h00<\/p>\n<p>&#8211; Dimanche 22 f\u00e9vrier de 10h00 \u00e0 12h00<br \/>\n&#8211; Mercredi 25 f\u00e9vrier de 14h00 \u00e0 16h00<br \/>\n&#8211; Vendredi 27 f\u00e9vrier de 09h00 \u00e0 12h00<br \/>\n&#8211; Samedi 28 f\u00e9vrier de 14h00 \u00e3 16h00<br \/>\n&#8211; Dimanche 01 mars de 10h00 \u00e3 12h00<\/p>\n","protected":false},"excerpt":{"rendered":"<p>Vous n&rsquo;avez pas encore r\u00e9gl\u00e9 votre cotisation, vous avez une question, les membres du comit\u00e9 vous accueillent au chalet de l&rsquo;association aux dates et heures ci-dessous: &#8211; Mercredi 11 f\u00e9vrier de 09h00 \u00e010h30 &#8211; Samedi 14 f\u00e9vrier de 09h00 \u00e0 &hellip; <a href=\"https:\/\/www.amisdesjardinsfamiliauxdesaverne.fr\/?p=397\">Continuer la lecture <span class=\"meta-nav\">&rarr;<\/span><\/a><\/p>\n","protected":false},"author":1,"featured_media":0,"comment_status":"open","ping_status":"closed","sticky":false,"template":"","format":"standard","meta":{"footnotes":""},"categories":[1],"tags":[],"class_list":["post-397","post","type-post","status-publish","format-standard","hentry","category-vie-associative"],"_links":{"self":[{"href":"https:\/\/www.amisdesjardinsfamiliauxdesaverne.fr\/index.php?rest_route=\/wp\/v2\/posts\/397","targetHints":{"allow":["GET"]}}],"collection":[{"href":"https:\/\/www.amisdesjardinsfamiliauxdesaverne.fr\/index.php?rest_route=\/wp\/v2\/posts"}],"about":[{"href":"https:\/\/www.amisdesjardinsfamiliauxdesaverne.fr\/index.php?rest_route=\/wp\/v2\/types\/post"}],"author":[{"embeddable":true,"href":"https:\/\/www.amisdesjardinsfamiliauxdesaverne.fr\/index.php?rest_route=\/wp\/v2\/users\/1"}],"replies":[{"embeddable":true,"href":"https:\/\/www.amisdesjardinsfamiliauxdesaverne.fr\/index.php?rest_route=%2Fwp%2Fv2%2Fcomments&post=397"}],"version-history":[{"count":3,"href":"https:\/\/www.amisdesjardinsfamiliauxdesaverne.fr\/index.php?rest_route=\/wp\/v2\/posts\/397\/revisions"}],"predecessor-version":[{"id":414,"href":"https:\/\/www.amisdesjardinsfamiliauxdesaverne.fr\/index.php?rest_route=\/wp\/v2\/posts\/397\/revisions\/414"}],"wp:attachment":[{"href":"https:\/\/www.amisdesjardinsfamiliauxdesaverne.fr\/index.php?rest_route=%2Fwp%2Fv2%2Fmedia&parent=397"}],"wp:term":[{"taxonomy":"category","embeddable":true,"href":"https:\/\/www.amisdesjardinsfamiliauxdesaverne.fr\/index.php?rest_route=%2Fwp%2Fv2%2Fcategories&post=397"},{"taxonomy":"post_tag","embeddable":true,"href":"https:\/\/www.amisdesjardinsfamiliauxdesaverne.fr\/index.php?rest_route=%2Fwp%2Fv2%2Ftags&post=397"}],"curies":[{"name":"wp","href":"https:\/\/api.w.org\/{rel}","templated":true}]}}