{"id":401,"date":"2015-02-10T11:16:14","date_gmt":"2015-02-10T10:16:14","guid":{"rendered":"http:\/\/www.amisdesjardinsfamiliauxdesaverne.fr\/?p=401"},"modified":"2015-02-10T11:17:01","modified_gmt":"2015-02-10T10:17:01","slug":"lassociation-damien-handicap-collecte","status":"publish","type":"post","link":"https:\/\/www.amisdesjardinsfamiliauxdesaverne.fr\/?p=401","title":{"rendered":"L&rsquo;association \u00ab\u00a0Damien handicap\u00a0\u00bb collecte"},"content":{"rendered":"<p>&#8211; L&rsquo;association <strong>\u00ab\u00a0Damien handicap\u00a0\u00bb<\/strong> de Kienheim collecte:<\/p>\n<p>&#8211; Bouchons en li\u00e8ge et bouchons plastique \u00e0 visser<\/p>\n<p>&#8211; Ferraille, aluminium, jantes autos,<\/p>\n<p>&#8211; Capsules nespresso th\u00e9 pleines<\/p>\n<p>&#8211; Journaux, revues (sans film autour)<\/p>\n<p>&#8211; Canettes Coca, Orangina, bi\u00e8res (rinc\u00e9es)<\/p>\n<p>&#8211; Bo\u00eetes de conserves (rinc\u00e9es)<\/p>\n<p>A d\u00e9poser au cabanon N\u00b013 (c\u00f4t\u00e9 nord) ou dans les collecteurs qui seront mis \u00e0 disposition. Avec nos remerciements anticip\u00e9s.<\/p>\n","protected":false},"excerpt":{"rendered":"<p>&#8211; L&rsquo;association \u00ab\u00a0Damien handicap\u00a0\u00bb de Kienheim collecte: &#8211; Bouchons en li\u00e8ge et bouchons plastique \u00e0 visser &#8211; Ferraille, aluminium, jantes autos, &#8211; Capsules nespresso th\u00e9 pleines &#8211; Journaux, revues (sans film autour) &#8211; Canettes Coca, Orangina, bi\u00e8res (rinc\u00e9es) &#8211; Bo\u00eetes &hellip; <a href=\"https:\/\/www.amisdesjardinsfamiliauxdesaverne.fr\/?p=401\">Continuer la lecture <span class=\"meta-nav\">&rarr;<\/span><\/a><\/p>\n","protected":false},"author":1,"featured_media":0,"comment_status":"open","ping_status":"closed","sticky":false,"template":"","format":"standard","meta":{"footnotes":""},"categories":[1],"tags":[],"class_list":["post-401","post","type-post","status-publish","format-standard","hentry","category-vie-associative"],"_links":{"self":[{"href":"https:\/\/www.amisdesjardinsfamiliauxdesaverne.fr\/index.php?rest_route=\/wp\/v2\/posts\/401","targetHints":{"allow":["GET"]}}],"collection":[{"href":"https:\/\/www.amisdesjardinsfamiliauxdesaverne.fr\/index.php?rest_route=\/wp\/v2\/posts"}],"about":[{"href":"https:\/\/www.amisdesjardinsfamiliauxdesaverne.fr\/index.php?rest_route=\/wp\/v2\/types\/post"}],"author":[{"embeddable":true,"href":"https:\/\/www.amisdesjardinsfamiliauxdesaverne.fr\/index.php?rest_route=\/wp\/v2\/users\/1"}],"replies":[{"embeddable":true,"href":"https:\/\/www.amisdesjardinsfamiliauxdesaverne.fr\/index.php?rest_route=%2Fwp%2Fv2%2Fcomments&post=401"}],"version-history":[{"count":1,"href":"https:\/\/www.amisdesjardinsfamiliauxdesaverne.fr\/index.php?rest_route=\/wp\/v2\/posts\/401\/revisions"}],"predecessor-version":[{"id":402,"href":"https:\/\/www.amisdesjardinsfamiliauxdesaverne.fr\/index.php?rest_route=\/wp\/v2\/posts\/401\/revisions\/402"}],"wp:attachment":[{"href":"https:\/\/www.amisdesjardinsfamiliauxdesaverne.fr\/index.php?rest_route=%2Fwp%2Fv2%2Fmedia&parent=401"}],"wp:term":[{"taxonomy":"category","embeddable":true,"href":"https:\/\/www.amisdesjardinsfamiliauxdesaverne.fr\/index.php?rest_route=%2Fwp%2Fv2%2Fcategories&post=401"},{"taxonomy":"post_tag","embeddable":true,"href":"https:\/\/www.amisdesjardinsfamiliauxdesaverne.fr\/index.php?rest_route=%2Fwp%2Fv2%2Ftags&post=401"}],"curies":[{"name":"wp","href":"https:\/\/api.w.org\/{rel}","templated":true}]}}