{"id":438,"date":"2015-03-01T18:51:01","date_gmt":"2015-03-01T17:51:01","guid":{"rendered":"http:\/\/www.amisdesjardinsfamiliauxdesaverne.fr\/?p=438"},"modified":"2015-03-04T17:20:13","modified_gmt":"2015-03-04T16:20:13","slug":"conference","status":"publish","type":"post","link":"https:\/\/www.amisdesjardinsfamiliauxdesaverne.fr\/?p=438","title":{"rendered":"Conf\u00e9rence"},"content":{"rendered":"<p>Dans le cadre de la semaine \u00ab\u00a0Alternative aux pesticides\u00a0\u00bb, les associations Osmonde 21 et les jardins familiaux de Saverne vous invitent \u00e0 une conf\u00e9rence sur le th\u00e8me:<\/p>\n<p><strong><em>\u00ab\u00a0Un sol vivant pour des l\u00e9gumes sains\u00a0\u00bb<\/em><\/strong><\/p>\n<p>Dimanche 22 mars 2015 \u00e0 10h00<\/p>\n<p>au chalet des jardins familiaux, rue du Kochersberg &#8211; Saverne<\/p>\n<p>A l&rsquo;issue de cette conf\u00e9rence, pour vous permettre de continuer \u00e0 partager id\u00e9es, trucs et astuces, nous vous proposons un repas compos\u00e9 de Knacks, salade de pommes de terre, salade verte, fromage et g\u00e2teau au prix de 5\u20ac (boisson non comprise).<\/p>\n<p>Possibilit\u00e9s de knacks halal, \u00e0 pr\u00e9ciser lors de la r\u00e9servation<\/p>\n<p>La r\u00e9servation s&rsquo;effectue aupr\u00e8s du syndicat d&rsquo;initiative au 03 88 70 23 19<\/p>\n<p>Pour acc\u00e9der \u00e0 l&rsquo;affiche cliquez <a href=\"https:\/\/www.amisdesjardinsfamiliauxdesaverne.fr\/wp-content\/uploads\/2015\/03\/affiche.pdf\">ici<\/a><\/p>\n<p><span style=\"color: #1f497d; font-family: 'Calibri','sans-serif'; font-size: 11pt;\">\u00a0<\/span><\/p>\n<p>&nbsp;<\/p>\n","protected":false},"excerpt":{"rendered":"<p>Dans le cadre de la semaine \u00ab\u00a0Alternative aux pesticides\u00a0\u00bb, les associations Osmonde 21 et les jardins familiaux de Saverne vous invitent \u00e0 une conf\u00e9rence sur le th\u00e8me: \u00ab\u00a0Un sol vivant pour des l\u00e9gumes sains\u00a0\u00bb Dimanche 22 mars 2015 \u00e0 10h00 &hellip; <a href=\"https:\/\/www.amisdesjardinsfamiliauxdesaverne.fr\/?p=438\">Continuer la lecture <span class=\"meta-nav\">&rarr;<\/span><\/a><\/p>\n","protected":false},"author":1,"featured_media":0,"comment_status":"open","ping_status":"closed","sticky":false,"template":"","format":"standard","meta":{"footnotes":""},"categories":[1],"tags":[],"class_list":["post-438","post","type-post","status-publish","format-standard","hentry","category-vie-associative"],"_links":{"self":[{"href":"https:\/\/www.amisdesjardinsfamiliauxdesaverne.fr\/index.php?rest_route=\/wp\/v2\/posts\/438","targetHints":{"allow":["GET"]}}],"collection":[{"href":"https:\/\/www.amisdesjardinsfamiliauxdesaverne.fr\/index.php?rest_route=\/wp\/v2\/posts"}],"about":[{"href":"https:\/\/www.amisdesjardinsfamiliauxdesaverne.fr\/index.php?rest_route=\/wp\/v2\/types\/post"}],"author":[{"embeddable":true,"href":"https:\/\/www.amisdesjardinsfamiliauxdesaverne.fr\/index.php?rest_route=\/wp\/v2\/users\/1"}],"replies":[{"embeddable":true,"href":"https:\/\/www.amisdesjardinsfamiliauxdesaverne.fr\/index.php?rest_route=%2Fwp%2Fv2%2Fcomments&post=438"}],"version-history":[{"count":8,"href":"https:\/\/www.amisdesjardinsfamiliauxdesaverne.fr\/index.php?rest_route=\/wp\/v2\/posts\/438\/revisions"}],"predecessor-version":[{"id":458,"href":"https:\/\/www.amisdesjardinsfamiliauxdesaverne.fr\/index.php?rest_route=\/wp\/v2\/posts\/438\/revisions\/458"}],"wp:attachment":[{"href":"https:\/\/www.amisdesjardinsfamiliauxdesaverne.fr\/index.php?rest_route=%2Fwp%2Fv2%2Fmedia&parent=438"}],"wp:term":[{"taxonomy":"category","embeddable":true,"href":"https:\/\/www.amisdesjardinsfamiliauxdesaverne.fr\/index.php?rest_route=%2Fwp%2Fv2%2Fcategories&post=438"},{"taxonomy":"post_tag","embeddable":true,"href":"https:\/\/www.amisdesjardinsfamiliauxdesaverne.fr\/index.php?rest_route=%2Fwp%2Fv2%2Ftags&post=438"}],"curies":[{"name":"wp","href":"https:\/\/api.w.org\/{rel}","templated":true}]}}