{"id":486,"date":"2015-04-15T10:53:16","date_gmt":"2015-04-15T09:53:16","guid":{"rendered":"http:\/\/www.amisdesjardinsfamiliauxdesaverne.fr\/?p=486"},"modified":"2015-04-15T10:54:12","modified_gmt":"2015-04-15T09:54:12","slug":"journee-de-travail","status":"publish","type":"post","link":"https:\/\/www.amisdesjardinsfamiliauxdesaverne.fr\/?p=486","title":{"rendered":"Journ\u00e9es de travail"},"content":{"rendered":"<p>Du Samedi 25 avril au lundi 27 avril, nous effectuerons\u00a0des travaux importants\u00a0d&rsquo;entretien des parcelles inoccup\u00e9es. Pour cela nous disposerons d&rsquo;une machine pour retourner la terre.<\/p>\n<p>Apr\u00e8s d\u00e9broussaillage si n\u00e9cessaire des parcelles, nous retournerons la terre avant de semer de l&rsquo;engrais vert.<\/p>\n<p>Une des parcelles, sera transform\u00e9e en prairie fleurie pour donner de la couleur.<\/p>\n<p>Pour ces travaux importants, nous comptons sur vous. Vous pouvez vous inscrire aupr\u00e8s des membres du comit\u00e9 ou en passant par le site via la fiche de contact.<\/p>\n<p>&nbsp;<\/p>\n<p>&nbsp;<\/p>\n","protected":false},"excerpt":{"rendered":"<p>Du Samedi 25 avril au lundi 27 avril, nous effectuerons\u00a0des travaux importants\u00a0d&rsquo;entretien des parcelles inoccup\u00e9es. Pour cela nous disposerons d&rsquo;une machine pour retourner la terre. Apr\u00e8s d\u00e9broussaillage si n\u00e9cessaire des parcelles, nous retournerons la terre avant de semer de l&rsquo;engrais &hellip; <a href=\"https:\/\/www.amisdesjardinsfamiliauxdesaverne.fr\/?p=486\">Continuer la lecture <span class=\"meta-nav\">&rarr;<\/span><\/a><\/p>\n","protected":false},"author":1,"featured_media":0,"comment_status":"closed","ping_status":"closed","sticky":false,"template":"","format":"standard","meta":{"footnotes":""},"categories":[1],"tags":[],"class_list":["post-486","post","type-post","status-publish","format-standard","hentry","category-vie-associative"],"_links":{"self":[{"href":"https:\/\/www.amisdesjardinsfamiliauxdesaverne.fr\/index.php?rest_route=\/wp\/v2\/posts\/486","targetHints":{"allow":["GET"]}}],"collection":[{"href":"https:\/\/www.amisdesjardinsfamiliauxdesaverne.fr\/index.php?rest_route=\/wp\/v2\/posts"}],"about":[{"href":"https:\/\/www.amisdesjardinsfamiliauxdesaverne.fr\/index.php?rest_route=\/wp\/v2\/types\/post"}],"author":[{"embeddable":true,"href":"https:\/\/www.amisdesjardinsfamiliauxdesaverne.fr\/index.php?rest_route=\/wp\/v2\/users\/1"}],"replies":[{"embeddable":true,"href":"https:\/\/www.amisdesjardinsfamiliauxdesaverne.fr\/index.php?rest_route=%2Fwp%2Fv2%2Fcomments&post=486"}],"version-history":[{"count":3,"href":"https:\/\/www.amisdesjardinsfamiliauxdesaverne.fr\/index.php?rest_route=\/wp\/v2\/posts\/486\/revisions"}],"predecessor-version":[{"id":489,"href":"https:\/\/www.amisdesjardinsfamiliauxdesaverne.fr\/index.php?rest_route=\/wp\/v2\/posts\/486\/revisions\/489"}],"wp:attachment":[{"href":"https:\/\/www.amisdesjardinsfamiliauxdesaverne.fr\/index.php?rest_route=%2Fwp%2Fv2%2Fmedia&parent=486"}],"wp:term":[{"taxonomy":"category","embeddable":true,"href":"https:\/\/www.amisdesjardinsfamiliauxdesaverne.fr\/index.php?rest_route=%2Fwp%2Fv2%2Fcategories&post=486"},{"taxonomy":"post_tag","embeddable":true,"href":"https:\/\/www.amisdesjardinsfamiliauxdesaverne.fr\/index.php?rest_route=%2Fwp%2Fv2%2Ftags&post=486"}],"curies":[{"name":"wp","href":"https:\/\/api.w.org\/{rel}","templated":true}]}}