{"id":509,"date":"2015-05-03T19:36:08","date_gmt":"2015-05-03T18:36:08","guid":{"rendered":"http:\/\/www.amisdesjardinsfamiliauxdesaverne.fr\/?p=509"},"modified":"2015-05-03T19:38:28","modified_gmt":"2015-05-03T18:38:28","slug":"we-de-travaux","status":"publish","type":"post","link":"https:\/\/www.amisdesjardinsfamiliauxdesaverne.fr\/?p=509","title":{"rendered":"Journ\u00e9es de travail suite"},"content":{"rendered":"<p>Samedi 25 avril, une dizaine de jardiniers se sont retrouv\u00e9s pour mettre en valeur\u00a0certaines\u00a0parcelles inoccup\u00e9es. Seulement trois\u00a0parcelles ont pu \u00eatre trait\u00e9es,\u00a0la m\u00e9t\u00e9o ne nous permettant pas de continuer les travaux comme pr\u00e9vu initialement.<\/p>\n<p>Merci \u00e0 tous ceux qui ont pu se lib\u00e9rer le samedi\u00a0pour nous aider et \u00e0 ceux qui avaient pr\u00e9vu de venir le dimanche ou\u00a0lundi matin.<\/p>\n<p>Vous trouverez quelques photos de cette journ\u00e9e de travail dans la rubrique \u00ab\u00a0galeries photos\u00a0\u00bb.<\/p>\n","protected":false},"excerpt":{"rendered":"<p>Samedi 25 avril, une dizaine de jardiniers se sont retrouv\u00e9s pour mettre en valeur\u00a0certaines\u00a0parcelles inoccup\u00e9es. Seulement trois\u00a0parcelles ont pu \u00eatre trait\u00e9es,\u00a0la m\u00e9t\u00e9o ne nous permettant pas de continuer les travaux comme pr\u00e9vu initialement. Merci \u00e0 tous ceux qui ont pu &hellip; <a href=\"https:\/\/www.amisdesjardinsfamiliauxdesaverne.fr\/?p=509\">Continuer la lecture <span class=\"meta-nav\">&rarr;<\/span><\/a><\/p>\n","protected":false},"author":1,"featured_media":0,"comment_status":"closed","ping_status":"closed","sticky":false,"template":"","format":"standard","meta":{"footnotes":""},"categories":[1],"tags":[],"class_list":["post-509","post","type-post","status-publish","format-standard","hentry","category-vie-associative"],"_links":{"self":[{"href":"https:\/\/www.amisdesjardinsfamiliauxdesaverne.fr\/index.php?rest_route=\/wp\/v2\/posts\/509","targetHints":{"allow":["GET"]}}],"collection":[{"href":"https:\/\/www.amisdesjardinsfamiliauxdesaverne.fr\/index.php?rest_route=\/wp\/v2\/posts"}],"about":[{"href":"https:\/\/www.amisdesjardinsfamiliauxdesaverne.fr\/index.php?rest_route=\/wp\/v2\/types\/post"}],"author":[{"embeddable":true,"href":"https:\/\/www.amisdesjardinsfamiliauxdesaverne.fr\/index.php?rest_route=\/wp\/v2\/users\/1"}],"replies":[{"embeddable":true,"href":"https:\/\/www.amisdesjardinsfamiliauxdesaverne.fr\/index.php?rest_route=%2Fwp%2Fv2%2Fcomments&post=509"}],"version-history":[{"count":2,"href":"https:\/\/www.amisdesjardinsfamiliauxdesaverne.fr\/index.php?rest_route=\/wp\/v2\/posts\/509\/revisions"}],"predecessor-version":[{"id":511,"href":"https:\/\/www.amisdesjardinsfamiliauxdesaverne.fr\/index.php?rest_route=\/wp\/v2\/posts\/509\/revisions\/511"}],"wp:attachment":[{"href":"https:\/\/www.amisdesjardinsfamiliauxdesaverne.fr\/index.php?rest_route=%2Fwp%2Fv2%2Fmedia&parent=509"}],"wp:term":[{"taxonomy":"category","embeddable":true,"href":"https:\/\/www.amisdesjardinsfamiliauxdesaverne.fr\/index.php?rest_route=%2Fwp%2Fv2%2Fcategories&post=509"},{"taxonomy":"post_tag","embeddable":true,"href":"https:\/\/www.amisdesjardinsfamiliauxdesaverne.fr\/index.php?rest_route=%2Fwp%2Fv2%2Ftags&post=509"}],"curies":[{"name":"wp","href":"https:\/\/api.w.org\/{rel}","templated":true}]}}