{"id":522,"date":"2015-05-13T13:31:53","date_gmt":"2015-05-13T12:31:53","guid":{"rendered":"http:\/\/www.amisdesjardinsfamiliauxdesaverne.fr\/?p=522"},"modified":"2015-05-13T13:34:51","modified_gmt":"2015-05-13T12:34:51","slug":"concours-du-plus-beau-chapeau","status":"publish","type":"post","link":"https:\/\/www.amisdesjardinsfamiliauxdesaverne.fr\/?p=522","title":{"rendered":"Concours du plus beau chapeau"},"content":{"rendered":"<p>Amis jardiniers,<\/p>\n<p>L&rsquo;ann\u00e9e 2015, l&rsquo;ann\u00e9e du chapeau.<\/p>\n<p>Nous vous proposons donc de participer au concours du plus beau chapeau de jardinier.<\/p>\n<p>Vous trouverez toutes les informations concernant ce concours sur l&rsquo;affiche ci jointe.<\/p>\n<p>N&rsquo;h\u00e9sitez pas \u00e0 me contacter.<\/p>\n<p>Pour acc\u00e9der au document cliquez sur le lien: <a href=\"https:\/\/www.amisdesjardinsfamiliauxdesaverne.fr\/wp-content\/uploads\/2015\/05\/affiche-concours-2.pdf\">affiche concours<\/a><\/p>\n","protected":false},"excerpt":{"rendered":"<p>Amis jardiniers, L&rsquo;ann\u00e9e 2015, l&rsquo;ann\u00e9e du chapeau. Nous vous proposons donc de participer au concours du plus beau chapeau de jardinier. Vous trouverez toutes les informations concernant ce concours sur l&rsquo;affiche ci jointe. N&rsquo;h\u00e9sitez pas \u00e0 me contacter. Pour acc\u00e9der &hellip; <a href=\"https:\/\/www.amisdesjardinsfamiliauxdesaverne.fr\/?p=522\">Continuer la lecture <span class=\"meta-nav\">&rarr;<\/span><\/a><\/p>\n","protected":false},"author":1,"featured_media":0,"comment_status":"open","ping_status":"closed","sticky":false,"template":"","format":"standard","meta":{"footnotes":""},"categories":[1],"tags":[],"class_list":["post-522","post","type-post","status-publish","format-standard","hentry","category-vie-associative"],"_links":{"self":[{"href":"https:\/\/www.amisdesjardinsfamiliauxdesaverne.fr\/index.php?rest_route=\/wp\/v2\/posts\/522","targetHints":{"allow":["GET"]}}],"collection":[{"href":"https:\/\/www.amisdesjardinsfamiliauxdesaverne.fr\/index.php?rest_route=\/wp\/v2\/posts"}],"about":[{"href":"https:\/\/www.amisdesjardinsfamiliauxdesaverne.fr\/index.php?rest_route=\/wp\/v2\/types\/post"}],"author":[{"embeddable":true,"href":"https:\/\/www.amisdesjardinsfamiliauxdesaverne.fr\/index.php?rest_route=\/wp\/v2\/users\/1"}],"replies":[{"embeddable":true,"href":"https:\/\/www.amisdesjardinsfamiliauxdesaverne.fr\/index.php?rest_route=%2Fwp%2Fv2%2Fcomments&post=522"}],"version-history":[{"count":3,"href":"https:\/\/www.amisdesjardinsfamiliauxdesaverne.fr\/index.php?rest_route=\/wp\/v2\/posts\/522\/revisions"}],"predecessor-version":[{"id":526,"href":"https:\/\/www.amisdesjardinsfamiliauxdesaverne.fr\/index.php?rest_route=\/wp\/v2\/posts\/522\/revisions\/526"}],"wp:attachment":[{"href":"https:\/\/www.amisdesjardinsfamiliauxdesaverne.fr\/index.php?rest_route=%2Fwp%2Fv2%2Fmedia&parent=522"}],"wp:term":[{"taxonomy":"category","embeddable":true,"href":"https:\/\/www.amisdesjardinsfamiliauxdesaverne.fr\/index.php?rest_route=%2Fwp%2Fv2%2Fcategories&post=522"},{"taxonomy":"post_tag","embeddable":true,"href":"https:\/\/www.amisdesjardinsfamiliauxdesaverne.fr\/index.php?rest_route=%2Fwp%2Fv2%2Ftags&post=522"}],"curies":[{"name":"wp","href":"https:\/\/api.w.org\/{rel}","templated":true}]}}