{"id":531,"date":"2015-06-03T12:46:38","date_gmt":"2015-06-03T11:46:38","guid":{"rendered":"http:\/\/www.amisdesjardinsfamiliauxdesaverne.fr\/?p=531"},"modified":"2015-06-03T13:02:36","modified_gmt":"2015-06-03T12:02:36","slug":"sortie-a-donaueschingen","status":"publish","type":"post","link":"https:\/\/www.amisdesjardinsfamiliauxdesaverne.fr\/?p=531","title":{"rendered":"Sortie \u00e0 Donaueschingen"},"content":{"rendered":"<p>Retenez la date du 27 juin pour la sortie \u00e0 Donaueschingen.<\/p>\n<p>Apr\u00e8s une petite\u00a0halte\u00a0\u00e0 Staufen petite ville m\u00e9di\u00e9vale avec de nombreux b\u00e2timents historiques, nous d\u00e9jeunerons avec nos amis allemands avant une visite guid\u00e9e de Donaueschingen.<\/p>\n<p>participation 10\u20ac par personne<\/p>\n<p>Inscrivez vous avant\u00a0le 14 juin en d\u00e9posant votre bulletin d&rsquo;inscription dans la bo\u00eete aux lettres\u00a0de l&rsquo;association ou en l&rsquo;envoyant \u00e0 &#x73;&#116;u&#x74;&#122;m&#x61;&#110;n&#x2e;&#80;a&#x74;&#114;i&#x63;&#107;&#64;&#x6f;&#114;a&#x6e;&#103;e&#x2e;&#102;r<\/p>\n<p style=\"text-align: center;\">\u00a0<a href=\"https:\/\/www.amisdesjardinsfamiliauxdesaverne.fr\/wp-content\/uploads\/2015\/06\/Bulletin-dinscription-Donaueschingen1.odt\">Bulletin d&rsquo;inscription Donaueschingen<\/a><\/p>\n","protected":false},"excerpt":{"rendered":"<p>Retenez la date du 27 juin pour la sortie \u00e0 Donaueschingen. Apr\u00e8s une petite\u00a0halte\u00a0\u00e0 Staufen petite ville m\u00e9di\u00e9vale avec de nombreux b\u00e2timents historiques, nous d\u00e9jeunerons avec nos amis allemands avant une visite guid\u00e9e de Donaueschingen. participation 10\u20ac par personne Inscrivez &hellip; <a href=\"https:\/\/www.amisdesjardinsfamiliauxdesaverne.fr\/?p=531\">Continuer la lecture <span class=\"meta-nav\">&rarr;<\/span><\/a><\/p>\n","protected":false},"author":1,"featured_media":0,"comment_status":"open","ping_status":"closed","sticky":false,"template":"","format":"standard","meta":{"footnotes":""},"categories":[1],"tags":[],"class_list":["post-531","post","type-post","status-publish","format-standard","hentry","category-vie-associative"],"_links":{"self":[{"href":"https:\/\/www.amisdesjardinsfamiliauxdesaverne.fr\/index.php?rest_route=\/wp\/v2\/posts\/531","targetHints":{"allow":["GET"]}}],"collection":[{"href":"https:\/\/www.amisdesjardinsfamiliauxdesaverne.fr\/index.php?rest_route=\/wp\/v2\/posts"}],"about":[{"href":"https:\/\/www.amisdesjardinsfamiliauxdesaverne.fr\/index.php?rest_route=\/wp\/v2\/types\/post"}],"author":[{"embeddable":true,"href":"https:\/\/www.amisdesjardinsfamiliauxdesaverne.fr\/index.php?rest_route=\/wp\/v2\/users\/1"}],"replies":[{"embeddable":true,"href":"https:\/\/www.amisdesjardinsfamiliauxdesaverne.fr\/index.php?rest_route=%2Fwp%2Fv2%2Fcomments&post=531"}],"version-history":[{"count":6,"href":"https:\/\/www.amisdesjardinsfamiliauxdesaverne.fr\/index.php?rest_route=\/wp\/v2\/posts\/531\/revisions"}],"predecessor-version":[{"id":539,"href":"https:\/\/www.amisdesjardinsfamiliauxdesaverne.fr\/index.php?rest_route=\/wp\/v2\/posts\/531\/revisions\/539"}],"wp:attachment":[{"href":"https:\/\/www.amisdesjardinsfamiliauxdesaverne.fr\/index.php?rest_route=%2Fwp%2Fv2%2Fmedia&parent=531"}],"wp:term":[{"taxonomy":"category","embeddable":true,"href":"https:\/\/www.amisdesjardinsfamiliauxdesaverne.fr\/index.php?rest_route=%2Fwp%2Fv2%2Fcategories&post=531"},{"taxonomy":"post_tag","embeddable":true,"href":"https:\/\/www.amisdesjardinsfamiliauxdesaverne.fr\/index.php?rest_route=%2Fwp%2Fv2%2Ftags&post=531"}],"curies":[{"name":"wp","href":"https:\/\/api.w.org\/{rel}","templated":true}]}}