{"id":542,"date":"2015-06-24T21:01:48","date_gmt":"2015-06-24T20:01:48","guid":{"rendered":"http:\/\/www.amisdesjardinsfamiliauxdesaverne.fr\/?p=542"},"modified":"2015-06-24T21:01:48","modified_gmt":"2015-06-24T20:01:48","slug":"une-etape-a-staufen","status":"publish","type":"post","link":"https:\/\/www.amisdesjardinsfamiliauxdesaverne.fr\/?p=542","title":{"rendered":"Une \u00e9tape \u00e0 Staufen"},"content":{"rendered":"<p>Lors de notre sortie \u00e0 Donaueschingen, nous ferons une petite \u00e9tape \u00e0 Staufen pr\u00e8s de Fribourg.<\/p>\n<p>D\u00e9couvrez cette petite ville en cliquant <a href=\"https:\/\/www.amisdesjardinsfamiliauxdesaverne.fr\/wp-content\/uploads\/2015\/06\/Staufen.pdf\">ici<\/a><\/p>\n","protected":false},"excerpt":{"rendered":"<p>Lors de notre sortie \u00e0 Donaueschingen, nous ferons une petite \u00e9tape \u00e0 Staufen pr\u00e8s de Fribourg. D\u00e9couvrez cette petite ville en cliquant ici<\/p>\n","protected":false},"author":1,"featured_media":0,"comment_status":"closed","ping_status":"closed","sticky":false,"template":"","format":"standard","meta":{"footnotes":""},"categories":[1],"tags":[],"class_list":["post-542","post","type-post","status-publish","format-standard","hentry","category-vie-associative"],"_links":{"self":[{"href":"https:\/\/www.amisdesjardinsfamiliauxdesaverne.fr\/index.php?rest_route=\/wp\/v2\/posts\/542","targetHints":{"allow":["GET"]}}],"collection":[{"href":"https:\/\/www.amisdesjardinsfamiliauxdesaverne.fr\/index.php?rest_route=\/wp\/v2\/posts"}],"about":[{"href":"https:\/\/www.amisdesjardinsfamiliauxdesaverne.fr\/index.php?rest_route=\/wp\/v2\/types\/post"}],"author":[{"embeddable":true,"href":"https:\/\/www.amisdesjardinsfamiliauxdesaverne.fr\/index.php?rest_route=\/wp\/v2\/users\/1"}],"replies":[{"embeddable":true,"href":"https:\/\/www.amisdesjardinsfamiliauxdesaverne.fr\/index.php?rest_route=%2Fwp%2Fv2%2Fcomments&post=542"}],"version-history":[{"count":1,"href":"https:\/\/www.amisdesjardinsfamiliauxdesaverne.fr\/index.php?rest_route=\/wp\/v2\/posts\/542\/revisions"}],"predecessor-version":[{"id":544,"href":"https:\/\/www.amisdesjardinsfamiliauxdesaverne.fr\/index.php?rest_route=\/wp\/v2\/posts\/542\/revisions\/544"}],"wp:attachment":[{"href":"https:\/\/www.amisdesjardinsfamiliauxdesaverne.fr\/index.php?rest_route=%2Fwp%2Fv2%2Fmedia&parent=542"}],"wp:term":[{"taxonomy":"category","embeddable":true,"href":"https:\/\/www.amisdesjardinsfamiliauxdesaverne.fr\/index.php?rest_route=%2Fwp%2Fv2%2Fcategories&post=542"},{"taxonomy":"post_tag","embeddable":true,"href":"https:\/\/www.amisdesjardinsfamiliauxdesaverne.fr\/index.php?rest_route=%2Fwp%2Fv2%2Ftags&post=542"}],"curies":[{"name":"wp","href":"https:\/\/api.w.org\/{rel}","templated":true}]}}