{"id":546,"date":"2015-06-28T21:09:02","date_gmt":"2015-06-28T20:09:02","guid":{"rendered":"http:\/\/www.amisdesjardinsfamiliauxdesaverne.fr\/?p=546"},"modified":"2015-08-02T16:20:18","modified_gmt":"2015-08-02T15:20:18","slug":"concours-du-plus-beau-chapeau-2","status":"publish","type":"post","link":"https:\/\/www.amisdesjardinsfamiliauxdesaverne.fr\/?p=546","title":{"rendered":"Concours du plus beau chapeau"},"content":{"rendered":"<p><strong>Vous pouvez voter pour le plus beau chapeau 2015<\/strong><\/p>\n<p>Pour acc\u00e9der \u00e0 la galerie de photo, cliquez <a href=\"https:\/\/www.amisdesjardinsfamiliauxdesaverne.fr\/?page_id=579\">ici<\/a><\/p>\n<p>Pour voter, 3 possibilit\u00e9s<\/p>\n<p>&#8211; Soit\u00a0vous m&rsquo;envoyez votre bulletin de vote par courriel <a href=\"m&#97;&#x69;&#x6c;t&#111;&#58;&#x73;&#x74;u&#116;&#122;&#x6d;&#x61;n&#110;&#x2e;&#x70;&#x61;t&#114;&#x69;&#x63;k&#64;&#111;&#x72;&#x61;n&#103;&#101;&#x2e;&#x66;r\">&#115;&#x74;u&#x74;&#x7a;&#109;&#x61;n&#110;&#x2e;&#112;&#x61;t&#114;&#x69;c&#x6b;&#64;&#111;&#x72;a&#x6e;&#x67;&#101;&#x2e;f&#114;<\/a><\/p>\n<p>Soit vous d\u00e9posez votre bulletin de vote dans la bo\u00eete aux lettres du ch\u00e2let de l&rsquo;association,<\/p>\n<p>Soit vous d\u00e9posez votre bulletin de vote dans l&rsquo;urne le <strong>11 juillet<\/strong> lors de la f\u00eate des jardins.<\/p>\n<p>Pour t\u00e9l\u00e9charger le bulletin de vote cliquez <a href=\"https:\/\/www.amisdesjardinsfamiliauxdesaverne.fr\/wp-content\/uploads\/2015\/06\/Bulletin-de-vote.odt\">ici<\/a><\/p>\n<p>&nbsp;<\/p>\n<p>&nbsp;<\/p>\n","protected":false},"excerpt":{"rendered":"<p>Vous pouvez voter pour le plus beau chapeau 2015 Pour acc\u00e9der \u00e0 la galerie de photo, cliquez ici Pour voter, 3 possibilit\u00e9s &#8211; Soit\u00a0vous m&rsquo;envoyez votre bulletin de vote par courriel &#x73;&#x74;&#117;t&#x7a;&#x6d;&#97;&#110;n&#x2e;&#x70;&#97;&#116;r&#x69;&#x63;&#107;&#64;o&#x72;&#x61;&#110;g&#x65;&#x2e;&#102;&#114; Soit vous d\u00e9posez votre bulletin de vote dans &hellip; <a href=\"https:\/\/www.amisdesjardinsfamiliauxdesaverne.fr\/?p=546\">Continuer la lecture <span class=\"meta-nav\">&rarr;<\/span><\/a><\/p>\n","protected":false},"author":1,"featured_media":0,"comment_status":"closed","ping_status":"closed","sticky":false,"template":"","format":"standard","meta":{"footnotes":""},"categories":[1],"tags":[],"class_list":["post-546","post","type-post","status-publish","format-standard","hentry","category-vie-associative"],"_links":{"self":[{"href":"https:\/\/www.amisdesjardinsfamiliauxdesaverne.fr\/index.php?rest_route=\/wp\/v2\/posts\/546","targetHints":{"allow":["GET"]}}],"collection":[{"href":"https:\/\/www.amisdesjardinsfamiliauxdesaverne.fr\/index.php?rest_route=\/wp\/v2\/posts"}],"about":[{"href":"https:\/\/www.amisdesjardinsfamiliauxdesaverne.fr\/index.php?rest_route=\/wp\/v2\/types\/post"}],"author":[{"embeddable":true,"href":"https:\/\/www.amisdesjardinsfamiliauxdesaverne.fr\/index.php?rest_route=\/wp\/v2\/users\/1"}],"replies":[{"embeddable":true,"href":"https:\/\/www.amisdesjardinsfamiliauxdesaverne.fr\/index.php?rest_route=%2Fwp%2Fv2%2Fcomments&post=546"}],"version-history":[{"count":8,"href":"https:\/\/www.amisdesjardinsfamiliauxdesaverne.fr\/index.php?rest_route=\/wp\/v2\/posts\/546\/revisions"}],"predecessor-version":[{"id":584,"href":"https:\/\/www.amisdesjardinsfamiliauxdesaverne.fr\/index.php?rest_route=\/wp\/v2\/posts\/546\/revisions\/584"}],"wp:attachment":[{"href":"https:\/\/www.amisdesjardinsfamiliauxdesaverne.fr\/index.php?rest_route=%2Fwp%2Fv2%2Fmedia&parent=546"}],"wp:term":[{"taxonomy":"category","embeddable":true,"href":"https:\/\/www.amisdesjardinsfamiliauxdesaverne.fr\/index.php?rest_route=%2Fwp%2Fv2%2Fcategories&post=546"},{"taxonomy":"post_tag","embeddable":true,"href":"https:\/\/www.amisdesjardinsfamiliauxdesaverne.fr\/index.php?rest_route=%2Fwp%2Fv2%2Ftags&post=546"}],"curies":[{"name":"wp","href":"https:\/\/api.w.org\/{rel}","templated":true}]}}