{"id":675,"date":"2015-11-04T18:10:06","date_gmt":"2015-11-04T17:10:06","guid":{"rendered":"http:\/\/www.amisdesjardinsfamiliauxdesaverne.fr\/?p=675"},"modified":"2015-11-04T18:13:23","modified_gmt":"2015-11-04T17:13:23","slug":"les-dates-importantes-du-mois-de-novembre","status":"publish","type":"post","link":"https:\/\/www.amisdesjardinsfamiliauxdesaverne.fr\/?p=675","title":{"rendered":"Les dates importantes du mois de novembre"},"content":{"rendered":"<p>Le mois de novembre est charg\u00e9. Ci dessous les dates importantes du mois.<\/p>\n<p><strong>Relev\u00e9 des compteurs d&rsquo;eau:<\/strong><\/p>\n<p>Samedi 7 novembre de 9h00 \u00e0 11H00<\/p>\n<p>Mardi 10 novembre de 11h00 \u00e0 12h00<\/p>\n<p>Samedi 14 novembre de 11h00 \u00e0 12h00 et de 16h00 \u00e0 \u00e0 17h00<\/p>\n<p>Mercredi 18 novembre de 17h30 \u00e0 19h30<\/p>\n<p><strong>Travaux collectifs pour remplacer les arbres fruitiers:<\/strong><\/p>\n<p>Mardi 10 novembre de 8h30 \u00e0 11h30<\/p>\n<p>Samedi 4 novembre de 8h30 \u00e0 11h30 et de 13h30 \u00e0 16h30<\/p>\n<p><strong>Livraison du fumier:<\/strong><\/p>\n<p>Samedi 21 novembre et samedi 28 novembre si une deuxi\u00e8me journ\u00e9e est n\u00e9cessaire.<\/p>\n","protected":false},"excerpt":{"rendered":"<p>Le mois de novembre est charg\u00e9. Ci dessous les dates importantes du mois. Relev\u00e9 des compteurs d&rsquo;eau: Samedi 7 novembre de 9h00 \u00e0 11H00 Mardi 10 novembre de 11h00 \u00e0 12h00 Samedi 14 novembre de 11h00 \u00e0 12h00 et de &hellip; <a href=\"https:\/\/www.amisdesjardinsfamiliauxdesaverne.fr\/?p=675\">Continuer la lecture <span class=\"meta-nav\">&rarr;<\/span><\/a><\/p>\n","protected":false},"author":1,"featured_media":0,"comment_status":"open","ping_status":"closed","sticky":false,"template":"","format":"standard","meta":{"footnotes":""},"categories":[1],"tags":[],"class_list":["post-675","post","type-post","status-publish","format-standard","hentry","category-vie-associative"],"_links":{"self":[{"href":"https:\/\/www.amisdesjardinsfamiliauxdesaverne.fr\/index.php?rest_route=\/wp\/v2\/posts\/675","targetHints":{"allow":["GET"]}}],"collection":[{"href":"https:\/\/www.amisdesjardinsfamiliauxdesaverne.fr\/index.php?rest_route=\/wp\/v2\/posts"}],"about":[{"href":"https:\/\/www.amisdesjardinsfamiliauxdesaverne.fr\/index.php?rest_route=\/wp\/v2\/types\/post"}],"author":[{"embeddable":true,"href":"https:\/\/www.amisdesjardinsfamiliauxdesaverne.fr\/index.php?rest_route=\/wp\/v2\/users\/1"}],"replies":[{"embeddable":true,"href":"https:\/\/www.amisdesjardinsfamiliauxdesaverne.fr\/index.php?rest_route=%2Fwp%2Fv2%2Fcomments&post=675"}],"version-history":[{"count":3,"href":"https:\/\/www.amisdesjardinsfamiliauxdesaverne.fr\/index.php?rest_route=\/wp\/v2\/posts\/675\/revisions"}],"predecessor-version":[{"id":678,"href":"https:\/\/www.amisdesjardinsfamiliauxdesaverne.fr\/index.php?rest_route=\/wp\/v2\/posts\/675\/revisions\/678"}],"wp:attachment":[{"href":"https:\/\/www.amisdesjardinsfamiliauxdesaverne.fr\/index.php?rest_route=%2Fwp%2Fv2%2Fmedia&parent=675"}],"wp:term":[{"taxonomy":"category","embeddable":true,"href":"https:\/\/www.amisdesjardinsfamiliauxdesaverne.fr\/index.php?rest_route=%2Fwp%2Fv2%2Fcategories&post=675"},{"taxonomy":"post_tag","embeddable":true,"href":"https:\/\/www.amisdesjardinsfamiliauxdesaverne.fr\/index.php?rest_route=%2Fwp%2Fv2%2Ftags&post=675"}],"curies":[{"name":"wp","href":"https:\/\/api.w.org\/{rel}","templated":true}]}}