{"id":680,"date":"2015-11-25T09:14:33","date_gmt":"2015-11-25T08:14:33","guid":{"rendered":"http:\/\/www.amisdesjardinsfamiliauxdesaverne.fr\/?p=680"},"modified":"2015-11-25T09:14:33","modified_gmt":"2015-11-25T08:14:33","slug":"releve-du-compteur-deau","status":"publish","type":"post","link":"https:\/\/www.amisdesjardinsfamiliauxdesaverne.fr\/?p=680","title":{"rendered":"Relev\u00e9 du compteur d&rsquo;eau"},"content":{"rendered":"<p>Derni\u00e8re permanence pour relever le compteur d&rsquo;eau:<\/p>\n<p style=\"text-align: center;\"><strong>Dimanche 6 d\u00e9cembre de 9h00 \u00e0 11h00<\/strong><\/p>\n<p>Si vous ne pouvez pas vous d\u00e9placer, vous pouvez envoyer votre relev\u00e9 et le num\u00e9ro du compteur \u00e0 <a href=\"m&#97;&#105;&#x6c;&#x74;o:&#115;&#116;&#x75;&#x74;zm&#97;&#110;&#x6e;&#x2e;pa&#116;&#x72;&#x69;&#x63;k&#64;&#111;&#x72;&#x61;&#x6e;g&#101;&#46;&#x66;&#x72;\">&#x73;&#116;u&#x74;&#122;m&#x61;&#110;n&#x2e;&#112;a&#x74;&#114;i&#x63;&#x6b;&#64;&#x6f;&#x72;&#97;&#x6e;&#x67;&#101;&#x2e;&#x66;&#114;<\/a><\/p>\n<p>&nbsp;<\/p>\n","protected":false},"excerpt":{"rendered":"<p>Derni\u00e8re permanence pour relever le compteur d&rsquo;eau: Dimanche 6 d\u00e9cembre de 9h00 \u00e0 11h00 Si vous ne pouvez pas vous d\u00e9placer, vous pouvez envoyer votre relev\u00e9 et le num\u00e9ro du compteur \u00e0 &#115;&#x74;u&#116;&#x7a;m&#97;&#x6e;n&#x2e;&#x70;&#97;&#x74;r&#105;&#x63;k&#64;&#x6f;r&#x61;&#x6e;&#103;&#x65;&#x2e;&#102;&#x72; &nbsp;<\/p>\n","protected":false},"author":1,"featured_media":0,"comment_status":"open","ping_status":"closed","sticky":false,"template":"","format":"standard","meta":{"footnotes":""},"categories":[1],"tags":[],"class_list":["post-680","post","type-post","status-publish","format-standard","hentry","category-vie-associative"],"_links":{"self":[{"href":"https:\/\/www.amisdesjardinsfamiliauxdesaverne.fr\/index.php?rest_route=\/wp\/v2\/posts\/680","targetHints":{"allow":["GET"]}}],"collection":[{"href":"https:\/\/www.amisdesjardinsfamiliauxdesaverne.fr\/index.php?rest_route=\/wp\/v2\/posts"}],"about":[{"href":"https:\/\/www.amisdesjardinsfamiliauxdesaverne.fr\/index.php?rest_route=\/wp\/v2\/types\/post"}],"author":[{"embeddable":true,"href":"https:\/\/www.amisdesjardinsfamiliauxdesaverne.fr\/index.php?rest_route=\/wp\/v2\/users\/1"}],"replies":[{"embeddable":true,"href":"https:\/\/www.amisdesjardinsfamiliauxdesaverne.fr\/index.php?rest_route=%2Fwp%2Fv2%2Fcomments&post=680"}],"version-history":[{"count":1,"href":"https:\/\/www.amisdesjardinsfamiliauxdesaverne.fr\/index.php?rest_route=\/wp\/v2\/posts\/680\/revisions"}],"predecessor-version":[{"id":681,"href":"https:\/\/www.amisdesjardinsfamiliauxdesaverne.fr\/index.php?rest_route=\/wp\/v2\/posts\/680\/revisions\/681"}],"wp:attachment":[{"href":"https:\/\/www.amisdesjardinsfamiliauxdesaverne.fr\/index.php?rest_route=%2Fwp%2Fv2%2Fmedia&parent=680"}],"wp:term":[{"taxonomy":"category","embeddable":true,"href":"https:\/\/www.amisdesjardinsfamiliauxdesaverne.fr\/index.php?rest_route=%2Fwp%2Fv2%2Fcategories&post=680"},{"taxonomy":"post_tag","embeddable":true,"href":"https:\/\/www.amisdesjardinsfamiliauxdesaverne.fr\/index.php?rest_route=%2Fwp%2Fv2%2Ftags&post=680"}],"curies":[{"name":"wp","href":"https:\/\/api.w.org\/{rel}","templated":true}]}}