{"id":715,"date":"2016-01-31T18:42:08","date_gmt":"2016-01-31T17:42:08","guid":{"rendered":"http:\/\/www.amisdesjardinsfamiliauxdesaverne.fr\/?p=715"},"modified":"2016-01-31T18:54:57","modified_gmt":"2016-01-31T17:54:57","slug":"damien-handicap","status":"publish","type":"post","link":"https:\/\/www.amisdesjardinsfamiliauxdesaverne.fr\/?p=715","title":{"rendered":"Damien Handicap"},"content":{"rendered":"<p>A la salle polyvalente du groupe scolaire de Kienheim, Fabienne Arenz, Pr\u00e9sidente de l&rsquo;association \u00ab\u00a0Damien Handicap\u00a0\u00bb a remis deux dons.<\/p>\n<p>Pour visualiser l&rsquo;article des D.N.A.: cliquez <a href=\"https:\/\/www.amisdesjardinsfamiliauxdesaverne.fr\/wp-content\/uploads\/2016\/01\/Article-damien-handicap-1-e1454262538535.jpg\" target=\"_blank\">ici<\/a><\/p>\n<p>Un grand merci \u00e0 tous les jardiniers qui participent \u00e0 la collecte des bouchons, des bo\u00eetes de conserve et des journaux et magazines en faveur de cette association.<\/p>\n<p>Nous vous rappelons que vous pouvez d\u00e9poser ces objets tout au long de l&rsquo;ann\u00e9e dans les conteneurs pr\u00e9vus \u00e0 cet effet sous l&rsquo;extension derri\u00e8re le chalet de l&rsquo;association.<\/p>\n","protected":false},"excerpt":{"rendered":"<p>A la salle polyvalente du groupe scolaire de Kienheim, Fabienne Arenz, Pr\u00e9sidente de l&rsquo;association \u00ab\u00a0Damien Handicap\u00a0\u00bb a remis deux dons. Pour visualiser l&rsquo;article des D.N.A.: cliquez ici Un grand merci \u00e0 tous les jardiniers qui participent \u00e0 la collecte des &hellip; <a href=\"https:\/\/www.amisdesjardinsfamiliauxdesaverne.fr\/?p=715\">Continuer la lecture <span class=\"meta-nav\">&rarr;<\/span><\/a><\/p>\n","protected":false},"author":1,"featured_media":0,"comment_status":"open","ping_status":"closed","sticky":false,"template":"","format":"standard","meta":{"footnotes":""},"categories":[1],"tags":[],"class_list":["post-715","post","type-post","status-publish","format-standard","hentry","category-vie-associative"],"_links":{"self":[{"href":"https:\/\/www.amisdesjardinsfamiliauxdesaverne.fr\/index.php?rest_route=\/wp\/v2\/posts\/715","targetHints":{"allow":["GET"]}}],"collection":[{"href":"https:\/\/www.amisdesjardinsfamiliauxdesaverne.fr\/index.php?rest_route=\/wp\/v2\/posts"}],"about":[{"href":"https:\/\/www.amisdesjardinsfamiliauxdesaverne.fr\/index.php?rest_route=\/wp\/v2\/types\/post"}],"author":[{"embeddable":true,"href":"https:\/\/www.amisdesjardinsfamiliauxdesaverne.fr\/index.php?rest_route=\/wp\/v2\/users\/1"}],"replies":[{"embeddable":true,"href":"https:\/\/www.amisdesjardinsfamiliauxdesaverne.fr\/index.php?rest_route=%2Fwp%2Fv2%2Fcomments&post=715"}],"version-history":[{"count":5,"href":"https:\/\/www.amisdesjardinsfamiliauxdesaverne.fr\/index.php?rest_route=\/wp\/v2\/posts\/715\/revisions"}],"predecessor-version":[{"id":721,"href":"https:\/\/www.amisdesjardinsfamiliauxdesaverne.fr\/index.php?rest_route=\/wp\/v2\/posts\/715\/revisions\/721"}],"wp:attachment":[{"href":"https:\/\/www.amisdesjardinsfamiliauxdesaverne.fr\/index.php?rest_route=%2Fwp%2Fv2%2Fmedia&parent=715"}],"wp:term":[{"taxonomy":"category","embeddable":true,"href":"https:\/\/www.amisdesjardinsfamiliauxdesaverne.fr\/index.php?rest_route=%2Fwp%2Fv2%2Fcategories&post=715"},{"taxonomy":"post_tag","embeddable":true,"href":"https:\/\/www.amisdesjardinsfamiliauxdesaverne.fr\/index.php?rest_route=%2Fwp%2Fv2%2Ftags&post=715"}],"curies":[{"name":"wp","href":"https:\/\/api.w.org\/{rel}","templated":true}]}}