{"id":734,"date":"2016-02-04T20:24:07","date_gmt":"2016-02-04T19:24:07","guid":{"rendered":"http:\/\/www.amisdesjardinsfamiliauxdesaverne.fr\/?p=734"},"modified":"2016-02-04T20:35:49","modified_gmt":"2016-02-04T19:35:49","slug":"permanences-cotisation","status":"publish","type":"post","link":"https:\/\/www.amisdesjardinsfamiliauxdesaverne.fr\/?p=734","title":{"rendered":"Permanences cotisation"},"content":{"rendered":"<p>Amis jardiniers,<\/p>\n<p>Pour vous permettre de r\u00e9gler votre cotisation pour l&rsquo;ann\u00e9e 2016, nous vous accueillons au chalet de l&rsquo;association:<\/p>\n<p>Samedi 13 f\u00e9vrier 2016 de 10h00 \u00e0 12h00<\/p>\n<p>Lundi 22 f\u00e9vrier 2016 de 18h00 \u00e0 19h30<\/p>\n<p>Mercredi 24 f\u00e9vrier 2016 de 18h00 \u00e0 19h30<\/p>\n<p>Dimanche 28 f\u00e9vrier 2016 de 10h00 \u00e0 12h00<\/p>\n","protected":false},"excerpt":{"rendered":"<p>Amis jardiniers, Pour vous permettre de r\u00e9gler votre cotisation pour l&rsquo;ann\u00e9e 2016, nous vous accueillons au chalet de l&rsquo;association: Samedi 13 f\u00e9vrier 2016 de 10h00 \u00e0 12h00 Lundi 22 f\u00e9vrier 2016 de 18h00 \u00e0 19h30 Mercredi 24 f\u00e9vrier 2016 de &hellip; <a href=\"https:\/\/www.amisdesjardinsfamiliauxdesaverne.fr\/?p=734\">Continuer la lecture <span class=\"meta-nav\">&rarr;<\/span><\/a><\/p>\n","protected":false},"author":1,"featured_media":0,"comment_status":"open","ping_status":"closed","sticky":false,"template":"","format":"standard","meta":{"footnotes":""},"categories":[1],"tags":[],"class_list":["post-734","post","type-post","status-publish","format-standard","hentry","category-vie-associative"],"_links":{"self":[{"href":"https:\/\/www.amisdesjardinsfamiliauxdesaverne.fr\/index.php?rest_route=\/wp\/v2\/posts\/734","targetHints":{"allow":["GET"]}}],"collection":[{"href":"https:\/\/www.amisdesjardinsfamiliauxdesaverne.fr\/index.php?rest_route=\/wp\/v2\/posts"}],"about":[{"href":"https:\/\/www.amisdesjardinsfamiliauxdesaverne.fr\/index.php?rest_route=\/wp\/v2\/types\/post"}],"author":[{"embeddable":true,"href":"https:\/\/www.amisdesjardinsfamiliauxdesaverne.fr\/index.php?rest_route=\/wp\/v2\/users\/1"}],"replies":[{"embeddable":true,"href":"https:\/\/www.amisdesjardinsfamiliauxdesaverne.fr\/index.php?rest_route=%2Fwp%2Fv2%2Fcomments&post=734"}],"version-history":[{"count":1,"href":"https:\/\/www.amisdesjardinsfamiliauxdesaverne.fr\/index.php?rest_route=\/wp\/v2\/posts\/734\/revisions"}],"predecessor-version":[{"id":735,"href":"https:\/\/www.amisdesjardinsfamiliauxdesaverne.fr\/index.php?rest_route=\/wp\/v2\/posts\/734\/revisions\/735"}],"wp:attachment":[{"href":"https:\/\/www.amisdesjardinsfamiliauxdesaverne.fr\/index.php?rest_route=%2Fwp%2Fv2%2Fmedia&parent=734"}],"wp:term":[{"taxonomy":"category","embeddable":true,"href":"https:\/\/www.amisdesjardinsfamiliauxdesaverne.fr\/index.php?rest_route=%2Fwp%2Fv2%2Fcategories&post=734"},{"taxonomy":"post_tag","embeddable":true,"href":"https:\/\/www.amisdesjardinsfamiliauxdesaverne.fr\/index.php?rest_route=%2Fwp%2Fv2%2Ftags&post=734"}],"curies":[{"name":"wp","href":"https:\/\/api.w.org\/{rel}","templated":true}]}}