{"id":747,"date":"2016-03-03T16:34:19","date_gmt":"2016-03-03T15:34:19","guid":{"rendered":"http:\/\/www.amisdesjardinsfamiliauxdesaverne.fr\/?p=747"},"modified":"2016-03-03T16:34:19","modified_gmt":"2016-03-03T15:34:19","slug":"cotisations-2016","status":"publish","type":"post","link":"https:\/\/www.amisdesjardinsfamiliauxdesaverne.fr\/?p=747","title":{"rendered":"Cotisations 2016"},"content":{"rendered":"<p>Toutes les cotisations annuelles n&rsquo;ont pas encore \u00e9t\u00e9 r\u00e9gl\u00e9es. Nous vous rappelons que le r\u00e8glement int\u00e9rieur de l&rsquo;association pr\u00e9cise que le paiement doit se faire avant le 1<sup><span style=\"font-size: small;\">er<\/span><\/sup> avril de l&rsquo;ann\u00e9e en cours faute de quoi une majoration pourrait vous \u00eatre demand\u00e9. Merci de respecter les d\u00e9lais pour faciliter la t\u00e2che du tr\u00e9sorier et permettre une bonne gestion de l&rsquo;association.<\/p>\n<p>Nous vous proposons encore deux dates de permanence pour r\u00e9gler vos cotisations\u00a0:<\/p>\n<p style=\"text-align: center;\">Dimanche 13 mars de 10h00 \u00e0 12h00<\/p>\n<p align=\"center\">Samedi 19 mars de 14h00 \u00e0 16h00<\/p>\n<p>Mais vous pouvez \u00e9galement envoyer votre ch\u00e8que \u00e0\u00a0:<\/p>\n<p align=\"center\">Stutzmann Patrick, 158 Grand Rue, 67700 Saverne<\/p>\n","protected":false},"excerpt":{"rendered":"<p>Toutes les cotisations annuelles n&rsquo;ont pas encore \u00e9t\u00e9 r\u00e9gl\u00e9es. Nous vous rappelons que le r\u00e8glement int\u00e9rieur de l&rsquo;association pr\u00e9cise que le paiement doit se faire avant le 1er avril de l&rsquo;ann\u00e9e en cours faute de quoi une majoration pourrait vous &hellip; <a href=\"https:\/\/www.amisdesjardinsfamiliauxdesaverne.fr\/?p=747\">Continuer la lecture <span class=\"meta-nav\">&rarr;<\/span><\/a><\/p>\n","protected":false},"author":1,"featured_media":0,"comment_status":"open","ping_status":"closed","sticky":false,"template":"","format":"standard","meta":{"footnotes":""},"categories":[1],"tags":[],"class_list":["post-747","post","type-post","status-publish","format-standard","hentry","category-vie-associative"],"_links":{"self":[{"href":"https:\/\/www.amisdesjardinsfamiliauxdesaverne.fr\/index.php?rest_route=\/wp\/v2\/posts\/747","targetHints":{"allow":["GET"]}}],"collection":[{"href":"https:\/\/www.amisdesjardinsfamiliauxdesaverne.fr\/index.php?rest_route=\/wp\/v2\/posts"}],"about":[{"href":"https:\/\/www.amisdesjardinsfamiliauxdesaverne.fr\/index.php?rest_route=\/wp\/v2\/types\/post"}],"author":[{"embeddable":true,"href":"https:\/\/www.amisdesjardinsfamiliauxdesaverne.fr\/index.php?rest_route=\/wp\/v2\/users\/1"}],"replies":[{"embeddable":true,"href":"https:\/\/www.amisdesjardinsfamiliauxdesaverne.fr\/index.php?rest_route=%2Fwp%2Fv2%2Fcomments&post=747"}],"version-history":[{"count":1,"href":"https:\/\/www.amisdesjardinsfamiliauxdesaverne.fr\/index.php?rest_route=\/wp\/v2\/posts\/747\/revisions"}],"predecessor-version":[{"id":748,"href":"https:\/\/www.amisdesjardinsfamiliauxdesaverne.fr\/index.php?rest_route=\/wp\/v2\/posts\/747\/revisions\/748"}],"wp:attachment":[{"href":"https:\/\/www.amisdesjardinsfamiliauxdesaverne.fr\/index.php?rest_route=%2Fwp%2Fv2%2Fmedia&parent=747"}],"wp:term":[{"taxonomy":"category","embeddable":true,"href":"https:\/\/www.amisdesjardinsfamiliauxdesaverne.fr\/index.php?rest_route=%2Fwp%2Fv2%2Fcategories&post=747"},{"taxonomy":"post_tag","embeddable":true,"href":"https:\/\/www.amisdesjardinsfamiliauxdesaverne.fr\/index.php?rest_route=%2Fwp%2Fv2%2Ftags&post=747"}],"curies":[{"name":"wp","href":"https:\/\/api.w.org\/{rel}","templated":true}]}}