{"id":7474,"date":"2021-02-28T22:04:48","date_gmt":"2021-02-28T21:04:48","guid":{"rendered":"https:\/\/www.amisdesjardinsfamiliauxdesaverne.fr\/?p=7474"},"modified":"2021-02-28T22:04:49","modified_gmt":"2021-02-28T21:04:49","slug":"mise-a-disposition-des-serres","status":"publish","type":"post","link":"https:\/\/www.amisdesjardinsfamiliauxdesaverne.fr\/?p=7474","title":{"rendered":"Mise \u00e0 disposition des serres"},"content":{"rendered":"\n<p>Amis jardiniers.<\/p>\n<p>Suite \u00e0 la d\u00e9mission de l&rsquo;\u00e9quipe \u00ab\u00a0serre\u00a0\u00bb, celles-ci feront l&rsquo;objet d&rsquo;un nettoyage et rangement le samedi 06 mars 2021 par le comit\u00e9.<\/p>\n<p>A l&rsquo;issue, donc \u00e0 partir du lundi 08 mars, les deux serres (l&rsquo;ancienne en partie et la totalit\u00e9 de la nouvelle) seront \u00e0 la disposition des jardiniers qui d\u00e9sirent y r\u00e9aliser leurs semis. A cet effet, les portes ne seront plus verrouill\u00e9es.<\/p>\n<p>Il va de soi que le comit\u00e9 d\u00e9cline toute responsabilit\u00e9 dans le cadre de la r\u00e9alisation de vos plants, notamment en ce qui concerne les ouvertures et fermetures des portes, mais aussi en cas de vol ou de d\u00e9gradations. Chacun devra \u00e9tiqueter ses barquettes et s&rsquo;occuper de l&rsquo;arrosage de ses semis, ou trouver un accord avec d&rsquo;autres jardiniers pour le faire.<\/p>\n<p>Le r\u00e8glement int\u00e9rieur de l&rsquo;association sera modifi\u00e9 en ce sens et ce modificatif vous sera transmis dans les meilleurs d\u00e9lais.<\/p>\n<p>Il convient de pr\u00e9ciser que l&rsquo;acc\u00e8s aux serres est interdit aux animaux de compagnie et \u00e9galement aux enfants non accompagn\u00e9s.<\/p>\n<p>Bernhardt P. &#8211; Pr\u00e9sident de l&rsquo;AAJFS.<\/p>\n","protected":false},"excerpt":{"rendered":"<p>Amis jardiniers. Suite \u00e0 la d\u00e9mission de l&rsquo;\u00e9quipe \u00ab\u00a0serre\u00a0\u00bb, celles-ci feront l&rsquo;objet d&rsquo;un nettoyage et rangement le samedi 06 mars 2021 par le comit\u00e9. A l&rsquo;issue, donc \u00e0 partir du lundi 08 mars, les deux serres (l&rsquo;ancienne en partie et &hellip; <a href=\"https:\/\/www.amisdesjardinsfamiliauxdesaverne.fr\/?p=7474\">Continuer la lecture <span class=\"meta-nav\">&rarr;<\/span><\/a><\/p>\n","protected":false},"author":6,"featured_media":0,"comment_status":"closed","ping_status":"closed","sticky":false,"template":"","format":"standard","meta":{"footnotes":""},"categories":[1],"tags":[],"class_list":["post-7474","post","type-post","status-publish","format-standard","hentry","category-vie-associative"],"_links":{"self":[{"href":"https:\/\/www.amisdesjardinsfamiliauxdesaverne.fr\/index.php?rest_route=\/wp\/v2\/posts\/7474","targetHints":{"allow":["GET"]}}],"collection":[{"href":"https:\/\/www.amisdesjardinsfamiliauxdesaverne.fr\/index.php?rest_route=\/wp\/v2\/posts"}],"about":[{"href":"https:\/\/www.amisdesjardinsfamiliauxdesaverne.fr\/index.php?rest_route=\/wp\/v2\/types\/post"}],"author":[{"embeddable":true,"href":"https:\/\/www.amisdesjardinsfamiliauxdesaverne.fr\/index.php?rest_route=\/wp\/v2\/users\/6"}],"replies":[{"embeddable":true,"href":"https:\/\/www.amisdesjardinsfamiliauxdesaverne.fr\/index.php?rest_route=%2Fwp%2Fv2%2Fcomments&post=7474"}],"version-history":[{"count":1,"href":"https:\/\/www.amisdesjardinsfamiliauxdesaverne.fr\/index.php?rest_route=\/wp\/v2\/posts\/7474\/revisions"}],"predecessor-version":[{"id":7475,"href":"https:\/\/www.amisdesjardinsfamiliauxdesaverne.fr\/index.php?rest_route=\/wp\/v2\/posts\/7474\/revisions\/7475"}],"wp:attachment":[{"href":"https:\/\/www.amisdesjardinsfamiliauxdesaverne.fr\/index.php?rest_route=%2Fwp%2Fv2%2Fmedia&parent=7474"}],"wp:term":[{"taxonomy":"category","embeddable":true,"href":"https:\/\/www.amisdesjardinsfamiliauxdesaverne.fr\/index.php?rest_route=%2Fwp%2Fv2%2Fcategories&post=7474"},{"taxonomy":"post_tag","embeddable":true,"href":"https:\/\/www.amisdesjardinsfamiliauxdesaverne.fr\/index.php?rest_route=%2Fwp%2Fv2%2Ftags&post=7474"}],"curies":[{"name":"wp","href":"https:\/\/api.w.org\/{rel}","templated":true}]}}