{"id":7483,"date":"2021-03-14T17:46:02","date_gmt":"2021-03-14T16:46:02","guid":{"rendered":"https:\/\/www.amisdesjardinsfamiliauxdesaverne.fr\/?p=7483"},"modified":"2021-03-14T17:46:02","modified_gmt":"2021-03-14T16:46:02","slug":"seances-de-travail","status":"publish","type":"post","link":"https:\/\/www.amisdesjardinsfamiliauxdesaverne.fr\/?p=7483","title":{"rendered":"S\u00e9ances de travail"},"content":{"rendered":"\n<p>Voici les dates des prochaines s\u00e9ances de travail :<\/p>\n<ul>\n<li>Samedi 27 mars 2021 de 8h30 \u00e0 11h30 &#8211; responsable : Jean Torr\u00e8s<\/li>\n<li>Mercredi 07 avril 2021 de 14h00 \u00e0 17h00 &#8211; responsable : Antoine Osswald<\/li>\n<li>Samedi 17 avril 2021 de 8h30 \u00e0 11h30 &#8211; responsable : Jean-Paul Mortz<\/li>\n<\/ul>\n<p>Il s&rsquo;agit de remettre le site en \u00e9tat apr\u00e8s la p\u00e9riode hivernale.\u00a0<\/p>\n<p>Merci de venir nombreux.<\/p>\n\n\n","protected":false},"excerpt":{"rendered":"<p>Voici les dates des prochaines s\u00e9ances de travail : Samedi 27 mars 2021 de 8h30 \u00e0 11h30 &#8211; responsable : Jean Torr\u00e8s Mercredi 07 avril 2021 de 14h00 \u00e0 17h00 &#8211; responsable : Antoine Osswald Samedi 17 avril 2021 de &hellip; <a href=\"https:\/\/www.amisdesjardinsfamiliauxdesaverne.fr\/?p=7483\">Continuer la lecture <span class=\"meta-nav\">&rarr;<\/span><\/a><\/p>\n","protected":false},"author":6,"featured_media":0,"comment_status":"closed","ping_status":"closed","sticky":false,"template":"","format":"standard","meta":{"footnotes":""},"categories":[1],"tags":[],"class_list":["post-7483","post","type-post","status-publish","format-standard","hentry","category-vie-associative"],"_links":{"self":[{"href":"https:\/\/www.amisdesjardinsfamiliauxdesaverne.fr\/index.php?rest_route=\/wp\/v2\/posts\/7483","targetHints":{"allow":["GET"]}}],"collection":[{"href":"https:\/\/www.amisdesjardinsfamiliauxdesaverne.fr\/index.php?rest_route=\/wp\/v2\/posts"}],"about":[{"href":"https:\/\/www.amisdesjardinsfamiliauxdesaverne.fr\/index.php?rest_route=\/wp\/v2\/types\/post"}],"author":[{"embeddable":true,"href":"https:\/\/www.amisdesjardinsfamiliauxdesaverne.fr\/index.php?rest_route=\/wp\/v2\/users\/6"}],"replies":[{"embeddable":true,"href":"https:\/\/www.amisdesjardinsfamiliauxdesaverne.fr\/index.php?rest_route=%2Fwp%2Fv2%2Fcomments&post=7483"}],"version-history":[{"count":1,"href":"https:\/\/www.amisdesjardinsfamiliauxdesaverne.fr\/index.php?rest_route=\/wp\/v2\/posts\/7483\/revisions"}],"predecessor-version":[{"id":7484,"href":"https:\/\/www.amisdesjardinsfamiliauxdesaverne.fr\/index.php?rest_route=\/wp\/v2\/posts\/7483\/revisions\/7484"}],"wp:attachment":[{"href":"https:\/\/www.amisdesjardinsfamiliauxdesaverne.fr\/index.php?rest_route=%2Fwp%2Fv2%2Fmedia&parent=7483"}],"wp:term":[{"taxonomy":"category","embeddable":true,"href":"https:\/\/www.amisdesjardinsfamiliauxdesaverne.fr\/index.php?rest_route=%2Fwp%2Fv2%2Fcategories&post=7483"},{"taxonomy":"post_tag","embeddable":true,"href":"https:\/\/www.amisdesjardinsfamiliauxdesaverne.fr\/index.php?rest_route=%2Fwp%2Fv2%2Ftags&post=7483"}],"curies":[{"name":"wp","href":"https:\/\/api.w.org\/{rel}","templated":true}]}}