{"id":7488,"date":"2021-05-19T15:29:56","date_gmt":"2021-05-19T14:29:56","guid":{"rendered":"https:\/\/www.amisdesjardinsfamiliauxdesaverne.fr\/?p=7488"},"modified":"2021-05-19T15:29:57","modified_gmt":"2021-05-19T14:29:57","slug":"seances-de-travail-mai-juin-2021","status":"publish","type":"post","link":"https:\/\/www.amisdesjardinsfamiliauxdesaverne.fr\/?p=7488","title":{"rendered":"S\u00e9ances de travail Mai-Juin 2021"},"content":{"rendered":"\n<p>Voici les dates des nouvelles s\u00e9ances de travail :<\/p>\n<p>Samedi 29 mai 2021 &#8211; 08h30 \u00e0 11h30 &#8211; Resp. Patrick Bernhardt<\/p>\n<p>Mercredi 02 juin 2021 &#8211; 14h00 \u00e0 17h00 &#8211; Resp. Antoine Osswald<\/p>\n<p>Samedi 05 juin 2021 &#8211; 08h30 \u00e0 11h30 &#8211; Resp. Jean-Paul Mortz<\/p>\n<p>Il s&rsquo;agit d&rsquo;am\u00e9nager, notamment le 29 mai 2021, l&rsquo;espace de convivialit\u00e9 c\u00f4t\u00e9 Nord, d&rsquo;entretenir le site, de tondre les all\u00e9es communes etc&#8230;<\/p>\n<p>Nota : en cas de pluie importante, les s\u00e9ances sont annul\u00e9es d&rsquo;office.<\/p>\n<p>Nous vous attendons nombreux.<\/p>\n","protected":false},"excerpt":{"rendered":"<p>Voici les dates des nouvelles s\u00e9ances de travail : Samedi 29 mai 2021 &#8211; 08h30 \u00e0 11h30 &#8211; Resp. Patrick Bernhardt Mercredi 02 juin 2021 &#8211; 14h00 \u00e0 17h00 &#8211; Resp. Antoine Osswald Samedi 05 juin 2021 &#8211; 08h30 \u00e0 &hellip; <a href=\"https:\/\/www.amisdesjardinsfamiliauxdesaverne.fr\/?p=7488\">Continuer la lecture <span class=\"meta-nav\">&rarr;<\/span><\/a><\/p>\n","protected":false},"author":6,"featured_media":0,"comment_status":"closed","ping_status":"closed","sticky":false,"template":"","format":"standard","meta":{"footnotes":""},"categories":[1],"tags":[],"class_list":["post-7488","post","type-post","status-publish","format-standard","hentry","category-vie-associative"],"_links":{"self":[{"href":"https:\/\/www.amisdesjardinsfamiliauxdesaverne.fr\/index.php?rest_route=\/wp\/v2\/posts\/7488","targetHints":{"allow":["GET"]}}],"collection":[{"href":"https:\/\/www.amisdesjardinsfamiliauxdesaverne.fr\/index.php?rest_route=\/wp\/v2\/posts"}],"about":[{"href":"https:\/\/www.amisdesjardinsfamiliauxdesaverne.fr\/index.php?rest_route=\/wp\/v2\/types\/post"}],"author":[{"embeddable":true,"href":"https:\/\/www.amisdesjardinsfamiliauxdesaverne.fr\/index.php?rest_route=\/wp\/v2\/users\/6"}],"replies":[{"embeddable":true,"href":"https:\/\/www.amisdesjardinsfamiliauxdesaverne.fr\/index.php?rest_route=%2Fwp%2Fv2%2Fcomments&post=7488"}],"version-history":[{"count":1,"href":"https:\/\/www.amisdesjardinsfamiliauxdesaverne.fr\/index.php?rest_route=\/wp\/v2\/posts\/7488\/revisions"}],"predecessor-version":[{"id":7489,"href":"https:\/\/www.amisdesjardinsfamiliauxdesaverne.fr\/index.php?rest_route=\/wp\/v2\/posts\/7488\/revisions\/7489"}],"wp:attachment":[{"href":"https:\/\/www.amisdesjardinsfamiliauxdesaverne.fr\/index.php?rest_route=%2Fwp%2Fv2%2Fmedia&parent=7488"}],"wp:term":[{"taxonomy":"category","embeddable":true,"href":"https:\/\/www.amisdesjardinsfamiliauxdesaverne.fr\/index.php?rest_route=%2Fwp%2Fv2%2Fcategories&post=7488"},{"taxonomy":"post_tag","embeddable":true,"href":"https:\/\/www.amisdesjardinsfamiliauxdesaverne.fr\/index.php?rest_route=%2Fwp%2Fv2%2Ftags&post=7488"}],"curies":[{"name":"wp","href":"https:\/\/api.w.org\/{rel}","templated":true}]}}