{"id":7491,"date":"2021-06-07T13:27:23","date_gmt":"2021-06-07T12:27:23","guid":{"rendered":"https:\/\/www.amisdesjardinsfamiliauxdesaverne.fr\/?p=7491"},"modified":"2021-06-07T13:27:23","modified_gmt":"2021-06-07T12:27:23","slug":"seances-de-travail-juin-2021","status":"publish","type":"post","link":"https:\/\/www.amisdesjardinsfamiliauxdesaverne.fr\/?p=7491","title":{"rendered":"S\u00e9ances de travail Juin 2021"},"content":{"rendered":"\n<p>Voici les dates des prochaines s\u00e9ances de travail :<\/p>\n<ul>\n<li>Mercredi 09 juin 2021 de 14h00 \u00e0 17h00 &#8211; Resp. Antoine Osswald<\/li>\n<li>Mardi 15 juin 2021 de 14h00 \u00e0 17h00 &#8211; Resp. Patrick Bernhardt<\/li>\n<li>Samedi 19 juin 2021 de 08h30 \u00e0 11h30 &#8211; Resp. Jean Torr\u00e8s.<\/li>\n<\/ul>\n<p>Entretien du site, remise en \u00e9tat du compost etc&#8230;<\/p>\n<p>Venez nombreux et merci d&rsquo;avance pour votre collaboration.<\/p>\n","protected":false},"excerpt":{"rendered":"<p>Voici les dates des prochaines s\u00e9ances de travail : Mercredi 09 juin 2021 de 14h00 \u00e0 17h00 &#8211; Resp. Antoine Osswald Mardi 15 juin 2021 de 14h00 \u00e0 17h00 &#8211; Resp. Patrick Bernhardt Samedi 19 juin 2021 de 08h30 \u00e0 &hellip; <a href=\"https:\/\/www.amisdesjardinsfamiliauxdesaverne.fr\/?p=7491\">Continuer la lecture <span class=\"meta-nav\">&rarr;<\/span><\/a><\/p>\n","protected":false},"author":6,"featured_media":0,"comment_status":"closed","ping_status":"closed","sticky":false,"template":"","format":"standard","meta":{"footnotes":""},"categories":[1],"tags":[],"class_list":["post-7491","post","type-post","status-publish","format-standard","hentry","category-vie-associative"],"_links":{"self":[{"href":"https:\/\/www.amisdesjardinsfamiliauxdesaverne.fr\/index.php?rest_route=\/wp\/v2\/posts\/7491","targetHints":{"allow":["GET"]}}],"collection":[{"href":"https:\/\/www.amisdesjardinsfamiliauxdesaverne.fr\/index.php?rest_route=\/wp\/v2\/posts"}],"about":[{"href":"https:\/\/www.amisdesjardinsfamiliauxdesaverne.fr\/index.php?rest_route=\/wp\/v2\/types\/post"}],"author":[{"embeddable":true,"href":"https:\/\/www.amisdesjardinsfamiliauxdesaverne.fr\/index.php?rest_route=\/wp\/v2\/users\/6"}],"replies":[{"embeddable":true,"href":"https:\/\/www.amisdesjardinsfamiliauxdesaverne.fr\/index.php?rest_route=%2Fwp%2Fv2%2Fcomments&post=7491"}],"version-history":[{"count":1,"href":"https:\/\/www.amisdesjardinsfamiliauxdesaverne.fr\/index.php?rest_route=\/wp\/v2\/posts\/7491\/revisions"}],"predecessor-version":[{"id":7492,"href":"https:\/\/www.amisdesjardinsfamiliauxdesaverne.fr\/index.php?rest_route=\/wp\/v2\/posts\/7491\/revisions\/7492"}],"wp:attachment":[{"href":"https:\/\/www.amisdesjardinsfamiliauxdesaverne.fr\/index.php?rest_route=%2Fwp%2Fv2%2Fmedia&parent=7491"}],"wp:term":[{"taxonomy":"category","embeddable":true,"href":"https:\/\/www.amisdesjardinsfamiliauxdesaverne.fr\/index.php?rest_route=%2Fwp%2Fv2%2Fcategories&post=7491"},{"taxonomy":"post_tag","embeddable":true,"href":"https:\/\/www.amisdesjardinsfamiliauxdesaverne.fr\/index.php?rest_route=%2Fwp%2Fv2%2Ftags&post=7491"}],"curies":[{"name":"wp","href":"https:\/\/api.w.org\/{rel}","templated":true}]}}