{"id":7494,"date":"2021-08-10T15:54:21","date_gmt":"2021-08-10T14:54:21","guid":{"rendered":"https:\/\/www.amisdesjardinsfamiliauxdesaverne.fr\/?p=7494"},"modified":"2021-08-10T15:54:22","modified_gmt":"2021-08-10T14:54:22","slug":"seances-de-travail-2","status":"publish","type":"post","link":"https:\/\/www.amisdesjardinsfamiliauxdesaverne.fr\/?p=7494","title":{"rendered":"S\u00e9ances de travail"},"content":{"rendered":"\n<p>Voici les dates des prochaines s\u00e9ances de travail :<\/p>\n<ul>\n<li>mercredi 11.08 &#8211; 14h00 \u00e0 17h00 &#8211; Resp. Antoine Osswald<\/li>\n<li>samedi 21.08 &#8211; 08h30 \u00e0 11h30 &#8211; Resp. Patrick Bernhardt<\/li>\n<li>mercredi 25.08 &#8211; 14h00 \u00e0 17h00 &#8211; Resp. Antoine Osswald<\/li>\n<li>samedi 04.09 &#8211; 08h30 \u00e0 11h30 &#8211; Resp. \u00e0 d\u00e9finir<\/li>\n<\/ul>\n<p>Objectif : remise en \u00e9tat du site, nettoyage et tonte des parkings et all\u00e9es, compost.<\/p>\n<p>Venez nombreux.\u00a0<\/p>\n","protected":false},"excerpt":{"rendered":"<p>Voici les dates des prochaines s\u00e9ances de travail : mercredi 11.08 &#8211; 14h00 \u00e0 17h00 &#8211; Resp. Antoine Osswald samedi 21.08 &#8211; 08h30 \u00e0 11h30 &#8211; Resp. Patrick Bernhardt mercredi 25.08 &#8211; 14h00 \u00e0 17h00 &#8211; Resp. Antoine Osswald samedi &hellip; <a href=\"https:\/\/www.amisdesjardinsfamiliauxdesaverne.fr\/?p=7494\">Continuer la lecture <span class=\"meta-nav\">&rarr;<\/span><\/a><\/p>\n","protected":false},"author":6,"featured_media":0,"comment_status":"closed","ping_status":"closed","sticky":false,"template":"","format":"standard","meta":{"footnotes":""},"categories":[1],"tags":[],"class_list":["post-7494","post","type-post","status-publish","format-standard","hentry","category-vie-associative"],"_links":{"self":[{"href":"https:\/\/www.amisdesjardinsfamiliauxdesaverne.fr\/index.php?rest_route=\/wp\/v2\/posts\/7494","targetHints":{"allow":["GET"]}}],"collection":[{"href":"https:\/\/www.amisdesjardinsfamiliauxdesaverne.fr\/index.php?rest_route=\/wp\/v2\/posts"}],"about":[{"href":"https:\/\/www.amisdesjardinsfamiliauxdesaverne.fr\/index.php?rest_route=\/wp\/v2\/types\/post"}],"author":[{"embeddable":true,"href":"https:\/\/www.amisdesjardinsfamiliauxdesaverne.fr\/index.php?rest_route=\/wp\/v2\/users\/6"}],"replies":[{"embeddable":true,"href":"https:\/\/www.amisdesjardinsfamiliauxdesaverne.fr\/index.php?rest_route=%2Fwp%2Fv2%2Fcomments&post=7494"}],"version-history":[{"count":1,"href":"https:\/\/www.amisdesjardinsfamiliauxdesaverne.fr\/index.php?rest_route=\/wp\/v2\/posts\/7494\/revisions"}],"predecessor-version":[{"id":7495,"href":"https:\/\/www.amisdesjardinsfamiliauxdesaverne.fr\/index.php?rest_route=\/wp\/v2\/posts\/7494\/revisions\/7495"}],"wp:attachment":[{"href":"https:\/\/www.amisdesjardinsfamiliauxdesaverne.fr\/index.php?rest_route=%2Fwp%2Fv2%2Fmedia&parent=7494"}],"wp:term":[{"taxonomy":"category","embeddable":true,"href":"https:\/\/www.amisdesjardinsfamiliauxdesaverne.fr\/index.php?rest_route=%2Fwp%2Fv2%2Fcategories&post=7494"},{"taxonomy":"post_tag","embeddable":true,"href":"https:\/\/www.amisdesjardinsfamiliauxdesaverne.fr\/index.php?rest_route=%2Fwp%2Fv2%2Ftags&post=7494"}],"curies":[{"name":"wp","href":"https:\/\/api.w.org\/{rel}","templated":true}]}}