{"id":7502,"date":"2021-10-06T15:54:20","date_gmt":"2021-10-06T14:54:20","guid":{"rendered":"https:\/\/www.amisdesjardinsfamiliauxdesaverne.fr\/?p=7502"},"modified":"2021-10-06T15:54:20","modified_gmt":"2021-10-06T14:54:20","slug":"seances-de-travail-3","status":"publish","type":"post","link":"https:\/\/www.amisdesjardinsfamiliauxdesaverne.fr\/?p=7502","title":{"rendered":"S\u00e9ances de travail"},"content":{"rendered":"\n<p>Voici les dates des prochaines s\u00e9ances de travail :<\/p>\n<p>Samedi 09 octobre &#8211; 9h00 \u00e0 11h30 (Jean T.)<\/p>\n<p>Mercredi 20 octobre &#8211; 14h00 \u00e0 16h30 (Antoine O.)<\/p>\n<p>Samedi 23 octobre &#8211; 9h00 \u00e0 11h30 (Jean-Paul M.)<\/p>\n<p>Jeudi 04 novembre &#8211; 9h00 \u00e0 11h30 (Jean-Fran\u00e7ois D.)<\/p>\n<p>Pour ceux qui ne r\u00e9ceptionnent pas les courriels de l&rsquo;association (j&rsquo;en ai transmis un tout \u00e0 l&rsquo;heure), bien vouloir me confirmer votre adresse internet en indiquant votre nom et n\u00b0 de parcelle \u00e0 l&rsquo;adresse mail suivante : &#x62;&#x68;&#x74;&#x64;&#x61;&#x6e;&#105;&#101;&#108;&#108;e&#46;pa&#x74;&#x72;&#x69;&#x63;&#x6b;&#x40;&#103;&#109;&#97;&#105;&#108;&#46;co&#x6d;<\/p>\n<p>Merci d&rsquo;avance.<\/p>\n","protected":false},"excerpt":{"rendered":"<p>Voici les dates des prochaines s\u00e9ances de travail : Samedi 09 octobre &#8211; 9h00 \u00e0 11h30 (Jean T.) Mercredi 20 octobre &#8211; 14h00 \u00e0 16h30 (Antoine O.) Samedi 23 octobre &#8211; 9h00 \u00e0 11h30 (Jean-Paul M.) Jeudi 04 novembre &#8211; &hellip; <a href=\"https:\/\/www.amisdesjardinsfamiliauxdesaverne.fr\/?p=7502\">Continuer la lecture <span class=\"meta-nav\">&rarr;<\/span><\/a><\/p>\n","protected":false},"author":6,"featured_media":0,"comment_status":"closed","ping_status":"closed","sticky":false,"template":"","format":"standard","meta":{"footnotes":""},"categories":[1],"tags":[],"class_list":["post-7502","post","type-post","status-publish","format-standard","hentry","category-vie-associative"],"_links":{"self":[{"href":"https:\/\/www.amisdesjardinsfamiliauxdesaverne.fr\/index.php?rest_route=\/wp\/v2\/posts\/7502","targetHints":{"allow":["GET"]}}],"collection":[{"href":"https:\/\/www.amisdesjardinsfamiliauxdesaverne.fr\/index.php?rest_route=\/wp\/v2\/posts"}],"about":[{"href":"https:\/\/www.amisdesjardinsfamiliauxdesaverne.fr\/index.php?rest_route=\/wp\/v2\/types\/post"}],"author":[{"embeddable":true,"href":"https:\/\/www.amisdesjardinsfamiliauxdesaverne.fr\/index.php?rest_route=\/wp\/v2\/users\/6"}],"replies":[{"embeddable":true,"href":"https:\/\/www.amisdesjardinsfamiliauxdesaverne.fr\/index.php?rest_route=%2Fwp%2Fv2%2Fcomments&post=7502"}],"version-history":[{"count":1,"href":"https:\/\/www.amisdesjardinsfamiliauxdesaverne.fr\/index.php?rest_route=\/wp\/v2\/posts\/7502\/revisions"}],"predecessor-version":[{"id":7503,"href":"https:\/\/www.amisdesjardinsfamiliauxdesaverne.fr\/index.php?rest_route=\/wp\/v2\/posts\/7502\/revisions\/7503"}],"wp:attachment":[{"href":"https:\/\/www.amisdesjardinsfamiliauxdesaverne.fr\/index.php?rest_route=%2Fwp%2Fv2%2Fmedia&parent=7502"}],"wp:term":[{"taxonomy":"category","embeddable":true,"href":"https:\/\/www.amisdesjardinsfamiliauxdesaverne.fr\/index.php?rest_route=%2Fwp%2Fv2%2Fcategories&post=7502"},{"taxonomy":"post_tag","embeddable":true,"href":"https:\/\/www.amisdesjardinsfamiliauxdesaverne.fr\/index.php?rest_route=%2Fwp%2Fv2%2Ftags&post=7502"}],"curies":[{"name":"wp","href":"https:\/\/api.w.org\/{rel}","templated":true}]}}