{"id":7507,"date":"2022-01-16T17:00:06","date_gmt":"2022-01-16T16:00:06","guid":{"rendered":"https:\/\/www.amisdesjardinsfamiliauxdesaverne.fr\/?p=7507"},"modified":"2022-01-16T17:01:54","modified_gmt":"2022-01-16T16:01:54","slug":"ag-2022-appel-a-candidatures","status":"publish","type":"post","link":"https:\/\/www.amisdesjardinsfamiliauxdesaverne.fr\/?p=7507","title":{"rendered":"AG 2022 &#8211; Appel \u00e0 candidatures"},"content":{"rendered":"\n<p>Bonjour \u00e0 toutes et \u00e0 tous.<\/p>\n<p>En raison de la situation sanitaire, l&rsquo;assembl\u00e9e g\u00e9n\u00e9rale 2022 qui devrait avoir lieu courant f\u00e9vrier, se tiendra en distanciel. A cet effet, et en raison du renouvellement du comit\u00e9 pr\u00e9vu\u00a0 cette ann\u00e9e, un appel \u00e0 candidature a \u00e9t\u00e9 transmis par mail \u00e0 tous les jardiniers ayant fourni une adresse internet, et par courrier aux autres. La date limite du retour de ces candidatures a \u00e9t\u00e9 fix\u00e9e au 29 janvier 2022 \u00e0 minuit. Si vous n&rsquo;avez pas re\u00e7u ce courriel bien vouloir vous faire connaitre aupr\u00e8s du pr\u00e9sident Patrick Bernhardt afin de mettre vos coordonn\u00e9es \u00e0 jour. Merci d&rsquo;avance pour votre participation.<\/p>\n","protected":false},"excerpt":{"rendered":"<p>Bonjour \u00e0 toutes et \u00e0 tous. En raison de la situation sanitaire, l&rsquo;assembl\u00e9e g\u00e9n\u00e9rale 2022 qui devrait avoir lieu courant f\u00e9vrier, se tiendra en distanciel. A cet effet, et en raison du renouvellement du comit\u00e9 pr\u00e9vu\u00a0 cette ann\u00e9e, un appel &hellip; <a href=\"https:\/\/www.amisdesjardinsfamiliauxdesaverne.fr\/?p=7507\">Continuer la lecture <span class=\"meta-nav\">&rarr;<\/span><\/a><\/p>\n","protected":false},"author":6,"featured_media":0,"comment_status":"closed","ping_status":"closed","sticky":false,"template":"","format":"standard","meta":{"footnotes":""},"categories":[1],"tags":[],"class_list":["post-7507","post","type-post","status-publish","format-standard","hentry","category-vie-associative"],"_links":{"self":[{"href":"https:\/\/www.amisdesjardinsfamiliauxdesaverne.fr\/index.php?rest_route=\/wp\/v2\/posts\/7507","targetHints":{"allow":["GET"]}}],"collection":[{"href":"https:\/\/www.amisdesjardinsfamiliauxdesaverne.fr\/index.php?rest_route=\/wp\/v2\/posts"}],"about":[{"href":"https:\/\/www.amisdesjardinsfamiliauxdesaverne.fr\/index.php?rest_route=\/wp\/v2\/types\/post"}],"author":[{"embeddable":true,"href":"https:\/\/www.amisdesjardinsfamiliauxdesaverne.fr\/index.php?rest_route=\/wp\/v2\/users\/6"}],"replies":[{"embeddable":true,"href":"https:\/\/www.amisdesjardinsfamiliauxdesaverne.fr\/index.php?rest_route=%2Fwp%2Fv2%2Fcomments&post=7507"}],"version-history":[{"count":1,"href":"https:\/\/www.amisdesjardinsfamiliauxdesaverne.fr\/index.php?rest_route=\/wp\/v2\/posts\/7507\/revisions"}],"predecessor-version":[{"id":7508,"href":"https:\/\/www.amisdesjardinsfamiliauxdesaverne.fr\/index.php?rest_route=\/wp\/v2\/posts\/7507\/revisions\/7508"}],"wp:attachment":[{"href":"https:\/\/www.amisdesjardinsfamiliauxdesaverne.fr\/index.php?rest_route=%2Fwp%2Fv2%2Fmedia&parent=7507"}],"wp:term":[{"taxonomy":"category","embeddable":true,"href":"https:\/\/www.amisdesjardinsfamiliauxdesaverne.fr\/index.php?rest_route=%2Fwp%2Fv2%2Fcategories&post=7507"},{"taxonomy":"post_tag","embeddable":true,"href":"https:\/\/www.amisdesjardinsfamiliauxdesaverne.fr\/index.php?rest_route=%2Fwp%2Fv2%2Ftags&post=7507"}],"curies":[{"name":"wp","href":"https:\/\/api.w.org\/{rel}","templated":true}]}}