{"id":7514,"date":"2022-02-13T17:45:06","date_gmt":"2022-02-13T16:45:06","guid":{"rendered":"https:\/\/www.amisdesjardinsfamiliauxdesaverne.fr\/?p=7514"},"modified":"2022-02-13T17:45:06","modified_gmt":"2022-02-13T16:45:06","slug":"reunion-comite-du-13-02-2022","status":"publish","type":"post","link":"https:\/\/www.amisdesjardinsfamiliauxdesaverne.fr\/?p=7514","title":{"rendered":"R\u00e9union Comit\u00e9 du 13.02.2022"},"content":{"rendered":"\n<p align=\"CENTER\"><span style=\"font-family: Arial, sans-serif;\"><span style=\"font-size: large;\"><i><u><b>Compte-rendu de la r\u00e9union du comit\u00e9<\/b><\/u><\/i><\/span><\/span><\/p>\n<p align=\"CENTER\"><span style=\"font-family: Arial, sans-serif;\"><span style=\"font-size: large;\"><i><u><b>en date du 13 f\u00e9vrier 2022<\/b><\/u><\/i><\/span><\/span><\/p>\n<p align=\"JUSTIFY\"><span style=\"font-family: Arial, sans-serif;\"><span style=\"font-size: small;\"><u>Membres pr\u00e9sents<\/u>\u00a0: <b>BERNHARDT Patrick \u2013 DUPRAT Jean-Fran\u00e7ois \u2013 BERNHARDT Danielle \u2013 OSSWALD Antoine \u2013 MORTZ Jean-Paul.<\/b><\/span><\/span><\/p>\n<p align=\"JUSTIFY\"><span style=\"font-family: Arial, sans-serif;\"><span style=\"font-size: small;\"><u>Membres absents excus\u00e9s<\/u>\u00a0: <b>TORRES Jean \u2013 LITT Mich\u00e8le<\/b><\/span><\/span><\/p>\n<p align=\"JUSTIFY\"><span style=\"font-family: Arial, sans-serif;\"><span style=\"font-size: small;\"><u>Membre absent non excus\u00e9<\/u>\u00a0: N\u00e9ant<\/span><\/span><\/p>\n<p align=\"JUSTIFY\"><span style=\"font-family: Arial, sans-serif;\"><span style=\"font-size: medium;\">&#8211; <i><u><b>Point sur les jardins disponibles et attributions<\/b><\/u><\/i>\u00a0:<\/span><\/span><\/p>\n<ul>\n<li style=\"list-style-type: none;\">\n<ul>\n<li>\n<p align=\"JUSTIFY\"><span style=\"font-family: Arial, sans-serif;\"><span style=\"font-size: small;\">Parcelle <b>29<\/b> (ex-YESILBAHCE)\u00a0: attribu\u00e9e \u00e0 Mme TUYSUZ Hanife.<\/span><\/span><\/p>\n<\/li>\n<li>\n<p align=\"JUSTIFY\"><span style=\"font-family: Arial, sans-serif;\"><span style=\"font-size: small;\">Parcelle <b>56<\/b> (ex-MAHLER)\u00a0: attribu\u00e9e \u00e0 Mr BOCK Guillaume<\/span><\/span><\/p>\n<\/li>\n<li>\n<p align=\"JUSTIFY\"><span style=\"font-family: Arial, sans-serif;\"><span style=\"font-size: small;\">Parcelle <b>16<\/b> (ex-ALWAN)\u00a0: attribu\u00e9e \u00e0 Mr FEVRE Thibault<\/span><\/span><\/p>\n<\/li>\n<\/ul>\n<\/li>\n<\/ul>\n<p align=\"JUSTIFY\"><span style=\"font-family: Arial, sans-serif;\"><span style=\"font-size: medium;\">&#8211; <i><u><b>Candidatures pour l&rsquo;\u00e9lection du comit\u00e9 2022 \u2013 2024<\/b><\/u><\/i>\u00a0:<\/span><\/span><\/p>\n<p align=\"JUSTIFY\"><span style=\"font-family: Arial, sans-serif;\"><span style=\"font-size: small;\">&#8211; Suite \u00e0 l&rsquo;appel \u00e0 volontaires d\u00e9sireux d&rsquo;int\u00e9grer le nouveau comit\u00e9 de l&rsquo;association pour les ann\u00e9es 2022 \u00e0 2024, trois personnes se sont manifest\u00e9es, \u00e0 savoir\u00a0:<\/span><\/span><\/p>\n<p align=\"JUSTIFY\"><span style=\"font-family: Arial, sans-serif;\"><span style=\"font-size: small;\">&#8211; Mrs <b>RUNTZ G\u00e9rard<\/b> (parcelle 9), <b>HUBER Rapha\u00ebl<\/b> (parcelle 59) et <b>CITERNE Sylvain<\/b> (parcelle 85)<\/span><\/span><\/p>\n<p align=\"JUSTIFY\"><span style=\"font-family: Arial, sans-serif;\"><span style=\"font-size: small;\">&#8211; Les membres du comit\u00e9 actuel, d\u00e9missionnaires d&rsquo;office, se repr\u00e9sentent pour ces \u00e9lections. Un courrier vous sera transmis prochainement afin de vous permettre de participer \u00e0 ces \u00e9lections. Vous voudrez bien nous le retourner par mail ou en le d\u00e9posant dans la boite aux lettres de l&rsquo;association. Les d\u00e9tails de ces \u00e9lections figureront dans le courriel en question.<\/span><\/span><\/p>\n<p align=\"JUSTIFY\"><span style=\"font-family: Arial, sans-serif;\"><span style=\"font-size: medium;\">&#8211; <i><u><b>Investissements envisag\u00e9s pour 2022<\/b><\/u><\/i>\u00a0:<\/span><\/span><\/p>\n<p align=\"JUSTIFY\"><span style=\"font-family: Arial, sans-serif;\"><span style=\"font-size: small;\">&#8211; Achat d&rsquo;une tondeuse avec une largeur de coupe de 40 ou 42 cms permettant de tondre plus facilement les all\u00e9es des jardins qu&rsquo;avec les deux tondeuses actuelles, jug\u00e9es trop larges (co\u00fbt estim\u00e9 \u00e0 env. 300 \u20ac)<\/span><\/span><\/p>\n<p align=\"JUSTIFY\"><span style=\"font-family: Arial, sans-serif;\"><span style=\"font-size: small;\">&#8211; Achat d&rsquo;un deuxi\u00e8me abri m\u00e9tallique de jardin destin\u00e9 \u00e0 \u00eatre implant\u00e9 sur la parcelle 51, afin d&rsquo;y stocker une tondeuse, la fraise arri\u00e8re ainsi que des accessoires et de l&rsquo;outillage. En effet, l&rsquo;abri actuel s&rsquo;av\u00e8re trop petit pour y remiser toutes les machines. La fraise arri\u00e8re \u00e9tant plus souvent utilis\u00e9e c\u00f4t\u00e9 Nord, nous avons d\u00e9cid\u00e9 de la d\u00e9placer. Il en sera de m\u00eame avec la tondeuse-d\u00e9broussailleuse (co\u00fbt estim\u00e9 \u00e0 env. 800 \u20ac).<\/span><\/span><\/p>\n<p align=\"JUSTIFY\"><span style=\"font-family: Arial, sans-serif;\"><span style=\"font-size: medium;\">&#8211; <i><u><b>S\u00e9ances de travail<\/b><\/u><\/i>\u00a0:<\/span><\/span><\/p>\n<p align=\"JUSTIFY\"><span style=\"font-family: Arial, sans-serif;\"><span style=\"font-size: small;\">&#8211; Les dates suivantes ont \u00e9t\u00e9 retenues pour les s\u00e9ances de travail\u00a0:<\/span><\/span><\/p>\n<p align=\"JUSTIFY\"><span style=\"font-family: Arial, sans-serif;\"><span style=\"font-size: small;\">&#8211; <u><b>Samedi 26 f\u00e9vrier de 08h30 \u00e0 11h30<\/b><\/u> (Antoine) \u2013 Remise en \u00e9tat parcelle 16 en vue de sa remise en location. Nettoyage des abords du chalet.<\/span><\/span><\/p>\n<p align=\"JUSTIFY\"><span style=\"font-family: Arial, sans-serif;\"><span style=\"font-size: small;\">&#8211; <u><b>Samedi 05 mars de 08h30 \u00e0 11h30<\/b><\/u> (Patrick) \u2013 Remise en \u00e9tat de la nouvelle serre, nettoyage et rangement des deux serres<\/span><\/span><\/p>\n<p align=\"JUSTIFY\"><span style=\"font-family: Arial, sans-serif;\"><span style=\"font-size: small;\">&#8211; <u><b>Mercredi 16 Mars de 14h00 \u00e0 17h00<\/b><\/u> (Antoine) \u2013 Nettoyage et remise en \u00e9tat du site<\/span><\/span><\/p>\n<p align=\"JUSTIFY\"><span style=\"font-family: Arial, sans-serif;\"><span style=\"font-size: small;\">&#8211; <\/span><\/span><span style=\"font-family: Arial, sans-serif;\"><span style=\"font-size: small;\"><u><b>Jeudi 24 mars de 08h30 \u00e0 11h30<\/b><\/u><\/span><\/span><span style=\"font-family: Arial, sans-serif;\"><span style=\"font-size: small;\"> (Jean-Fran\u00e7ois) \u2013 Nettoyage du site, tonte&#8230;.<\/span><\/span><\/p>\n<p align=\"JUSTIFY\"><span style=\"font-family: Arial, sans-serif;\"><span style=\"font-size: medium;\">&#8211; <i><u><b>Points divers<\/b><\/u><\/i>\u00a0:<\/span><\/span><\/p>\n<p align=\"JUSTIFY\"><span style=\"font-family: Arial, sans-serif;\"><span style=\"font-size: small;\">&#8211; <u><b>Non participation aux s\u00e9ances de travail<\/b><\/u>\u00a0: le comit\u00e9 \u00e0 d\u00e9cid\u00e9 d&rsquo;augmenter le montant imput\u00e9 aux personnes ne participant pas aux s\u00e9ances de travail, qui est d\u00e9sormais fix\u00e9 \u00e0 <b>10<\/b> \u20ac par s\u00e9ance non effectu\u00e9e. Nous pr\u00e9cisons que le but est de faire participer l&rsquo;ensemble des membres de l&rsquo;association aux trois s\u00e9ances de travail annuelles recommand\u00e9es qui sont organis\u00e9es de mani\u00e8re \u00e0 ce que chacun ou chacune puisse trouver un cr\u00e9neau horaire lui convenant (en semaine, le samedi, matin ou apr\u00e8s-midi&#8230;). Les activit\u00e9s propos\u00e9es sont \u00e9galement adapt\u00e9es aux capacit\u00e9s de toutes et tous. Nous insistons sur le fait qu&rsquo;il serait agr\u00e9able pour tout le monde de b\u00e9n\u00e9ficier d&rsquo;un site propre et bien entretenu. <\/span><\/span><\/p>\n<p align=\"JUSTIFY\"><span style=\"font-family: Arial, sans-serif;\"><span style=\"font-size: small;\">&#8211; <u><b>Mise \u00e0 disposition de la fraise arri\u00e8re<\/b><\/u>\u00a0: le montant est dor\u00e9navant fix\u00e9 \u00e0 10 \u20ac pour l&rsquo;utilisation de cette machine, sachant que nous ne sommes pas regardant sur la dur\u00e9e. Il s&rsquo;agit de subvenir aux frais d&rsquo;essence et d&rsquo;entretien de la fraise.<\/span><\/span><\/p>\n<p align=\"JUSTIFY\"><span style=\"font-family: Arial, sans-serif;\"><span style=\"font-size: small;\">&#8211; <u><b>Tondeuses et autres machines<\/b><\/u>\u00a0: nous continuerons \u00e0 mettre \u00e0 disposition gratuitement les tondeuses, d\u00e9broussailleuse, taille-haie, sur r\u00e9servation aupr\u00e8s de Antoine (de pr\u00e9f\u00e9rence la veille afin qu&rsquo;il puisse s&rsquo;organiser). Un petit don (1 ou 2 \u20ac) pour l&rsquo;essence est n\u00e9anmoins appr\u00e9ci\u00e9.<\/span><\/span><\/p>\n<p align=\"JUSTIFY\"><span style=\"font-family: Arial, sans-serif;\"><span style=\"font-size: small;\">&#8211; <u><b>Taille des arbres fruitiers<\/b><\/u>\u00a0: une s\u00e9ance d&rsquo;initiation \u00e0 la taille d&rsquo;arbres fruitiers se tiendra sur le site le <u><b>dimanche 06 mars 2022 de 9h00 \u00e0 12h00.<\/b><\/u> Notre intervenant dispensera un cours pratique sur 3 arbres fruitiers diff\u00e9rents (ceux-ci restent \u00e0 d\u00e9finir). RDV pour les personnes int\u00e9ress\u00e9es \u00e0 l&rsquo;heure indiqu\u00e9e devant le chalet. Les frais sont pris en charge par l&rsquo;association.<\/span><\/span><\/p>\n<p align=\"JUSTIFY\"><span style=\"font-family: Arial, sans-serif;\"><span style=\"font-size: small;\">&#8211; <u><b>Affichage des compte-rendus de r\u00e9unions du comit\u00e9<\/b><\/u>\u00a0: \u00e0 compter de ce jour, les compte-rendus des r\u00e9unions du comit\u00e9 de l&rsquo;AAJFS seront syst\u00e9matiquement affich\u00e9s sur les panneaux pr\u00e9vus \u00e0 cet effet (pr\u00e8s du chalet c\u00f4t\u00e9 Sud et au niveau du parking c\u00f4t\u00e9 Nord) et publi\u00e9s sur le site internet des jardins (<i>www.amisdesjardinsfamiliauxdesaverne.fr<\/i>)<\/span><\/span><\/p>\n<p align=\"JUSTIFY\"><span style=\"font-family: Arial, sans-serif;\"><span style=\"font-size: medium;\"><i><b>&#8211; <u>Assembl\u00e9e g\u00e9n\u00e9rale<\/u>\u00a0:<\/b><\/i><\/span><\/span><\/p>\n<p align=\"JUSTIFY\"><span style=\"font-family: Arial, sans-serif;\"><span style=\"font-size: small;\">&#8211; Comme indiqu\u00e9 dans le courrier qui vous a \u00e9t\u00e9 transmis r\u00e9cemment, l&rsquo;assembl\u00e9e g\u00e9n\u00e9rale 2022 ne se tiendra pas en pr\u00e9sentiel en raison des risques sanitaires toujours pr\u00e9sents.<\/span><\/span><\/p>\n<p align=\"JUSTIFY\"><span style=\"font-family: Arial, sans-serif;\"><span style=\"font-size: small;\">&#8211; Les diff\u00e9rents documents vous seront transmis par mail (ou par courrier pour ceux qui ne disposent pas d&rsquo;internet) afin que vous puissiez vous prononcer en toute connaissance de cause sur les diff\u00e9rents points.<\/span><\/span><\/p>\n<p align=\"JUSTIFY\"><span style=\"font-family: Arial, sans-serif;\"><span style=\"font-size: small;\"> BERNHARDT P.<\/span><\/span><\/p>\n<p align=\"JUSTIFY\"><span style=\"font-family: Arial, sans-serif;\"><span style=\"font-size: small;\"> Pr\u00e9sident de l&rsquo;AAJFS.<\/span><\/span><\/p>\n","protected":false},"excerpt":{"rendered":"<p>Compte-rendu de la r\u00e9union du comit\u00e9 en date du 13 f\u00e9vrier 2022 Membres pr\u00e9sents\u00a0: BERNHARDT Patrick \u2013 DUPRAT Jean-Fran\u00e7ois \u2013 BERNHARDT Danielle \u2013 OSSWALD Antoine \u2013 MORTZ Jean-Paul. Membres absents excus\u00e9s\u00a0: TORRES Jean \u2013 LITT Mich\u00e8le Membre absent non excus\u00e9\u00a0: &hellip; <a href=\"https:\/\/www.amisdesjardinsfamiliauxdesaverne.fr\/?p=7514\">Continuer la lecture <span class=\"meta-nav\">&rarr;<\/span><\/a><\/p>\n","protected":false},"author":6,"featured_media":0,"comment_status":"closed","ping_status":"closed","sticky":false,"template":"","format":"standard","meta":{"footnotes":""},"categories":[1],"tags":[],"class_list":["post-7514","post","type-post","status-publish","format-standard","hentry","category-vie-associative"],"_links":{"self":[{"href":"https:\/\/www.amisdesjardinsfamiliauxdesaverne.fr\/index.php?rest_route=\/wp\/v2\/posts\/7514","targetHints":{"allow":["GET"]}}],"collection":[{"href":"https:\/\/www.amisdesjardinsfamiliauxdesaverne.fr\/index.php?rest_route=\/wp\/v2\/posts"}],"about":[{"href":"https:\/\/www.amisdesjardinsfamiliauxdesaverne.fr\/index.php?rest_route=\/wp\/v2\/types\/post"}],"author":[{"embeddable":true,"href":"https:\/\/www.amisdesjardinsfamiliauxdesaverne.fr\/index.php?rest_route=\/wp\/v2\/users\/6"}],"replies":[{"embeddable":true,"href":"https:\/\/www.amisdesjardinsfamiliauxdesaverne.fr\/index.php?rest_route=%2Fwp%2Fv2%2Fcomments&post=7514"}],"version-history":[{"count":1,"href":"https:\/\/www.amisdesjardinsfamiliauxdesaverne.fr\/index.php?rest_route=\/wp\/v2\/posts\/7514\/revisions"}],"predecessor-version":[{"id":7515,"href":"https:\/\/www.amisdesjardinsfamiliauxdesaverne.fr\/index.php?rest_route=\/wp\/v2\/posts\/7514\/revisions\/7515"}],"wp:attachment":[{"href":"https:\/\/www.amisdesjardinsfamiliauxdesaverne.fr\/index.php?rest_route=%2Fwp%2Fv2%2Fmedia&parent=7514"}],"wp:term":[{"taxonomy":"category","embeddable":true,"href":"https:\/\/www.amisdesjardinsfamiliauxdesaverne.fr\/index.php?rest_route=%2Fwp%2Fv2%2Fcategories&post=7514"},{"taxonomy":"post_tag","embeddable":true,"href":"https:\/\/www.amisdesjardinsfamiliauxdesaverne.fr\/index.php?rest_route=%2Fwp%2Fv2%2Ftags&post=7514"}],"curies":[{"name":"wp","href":"https:\/\/api.w.org\/{rel}","templated":true}]}}