{"id":7533,"date":"2022-04-02T20:42:06","date_gmt":"2022-04-02T19:42:06","guid":{"rendered":"https:\/\/www.amisdesjardinsfamiliauxdesaverne.fr\/?p=7533"},"modified":"2022-04-02T22:42:47","modified_gmt":"2022-04-02T21:42:47","slug":"reunion-comite-du-02-04-2022","status":"publish","type":"post","link":"https:\/\/www.amisdesjardinsfamiliauxdesaverne.fr\/?p=7533","title":{"rendered":"R\u00e9union comit\u00e9 du 02.04.2022"},"content":{"rendered":"\n<p align=\"CENTER\"><span style=\"font-family: Arial, sans-serif;\"><span style=\"font-size: large;\"><i><u><b>Compte-rendu de la r\u00e9union du comit\u00e9 <\/b><\/u><\/i><\/span><\/span><span style=\"font-family: Arial, sans-serif;\"><span style=\"font-size: large;\"><i><u><b>en date du 02 avril 2022<\/b><\/u><\/i><\/span><\/span><\/p>\n<p align=\"CENTER\"><span style=\"font-family: Arial, sans-serif;\"><span style=\"font-size: small;\">(R\u00e9union faisant suite \u00e0 l&rsquo;assembl\u00e9e g\u00e9n\u00e9rale en distanciel)<\/span><\/span><\/p>\n<p align=\"JUSTIFY\"><span style=\"font-family: Arial, sans-serif;\"><span style=\"font-size: small;\"><u>Membres pr\u00e9sents<\/u>\u00a0: <b>TORRES Jean &#8211; BERNHARDT Patrick &#8211; LITT Mich\u00e8le &#8211; BERNHARDT Danielle \u2013 OSSWALD Antoine &#8211; MORTZ Jean-Paul &#8211; RUNTZ G\u00e9rard &#8211; HUBER Rapha\u00ebl .<\/b><\/span><\/span><\/p>\n<p align=\"JUSTIFY\"><span style=\"font-family: Arial, sans-serif;\"><span style=\"font-size: small;\"><u>Membres absents excus\u00e9s<\/u>\u00a0: <b>DUPRAT Jean-Fran\u00e7ois \u2013 CITERNE Sylvain<\/b><\/span><\/span><\/p>\n<p align=\"JUSTIFY\"><span style=\"font-family: Arial, sans-serif;\"><span style=\"font-size: small;\"><u>Membre absent non excus\u00e9<\/u>\u00a0: N\u00e9ant<\/span><\/span><\/p>\n<p align=\"JUSTIFY\"><span style=\"font-family: Arial, sans-serif;\"><span style=\"font-size: small;\"> Faisant suite \u00e0 l&rsquo;assembl\u00e9e g\u00e9n\u00e9rale 2022 qui s&rsquo;est d\u00e9roul\u00e9e en distanciel en raison des risques sanitaires toujours d&rsquo;actualit\u00e9 et apr\u00e8s validation des nouvelles candidatures, il a \u00e9t\u00e9 proc\u00e9d\u00e9 \u00e0 la mise en place du nouveau comit\u00e9 2022 \u2013 2024.<\/span><\/span><\/p>\n<p align=\"JUSTIFY\"><span style=\"font-family: Arial, sans-serif;\"><span style=\"font-size: medium;\">&#8211; <i><u><b>R\u00e9sultat des \u00e9lections de l&rsquo;assembl\u00e9e g\u00e9n\u00e9rale<\/b><\/u><\/i>\u00a0:<\/span><\/span><\/p>\n<ul>\n<li style=\"list-style-type: none;\">\n<ul>\n<li>\n<p align=\"JUSTIFY\"><span style=\"font-family: Arial, sans-serif;\"><span style=\"font-size: small;\">Nombre de jardiniers\u00a0: 83<\/span><\/span><\/p>\n<\/li>\n<li>\n<p align=\"JUSTIFY\"><span style=\"font-family: Arial, sans-serif;\"><span style=\"font-size: small;\">Nombre de votants\u00a0: 56<\/span><\/span><\/p>\n<\/li>\n<li>\n<p align=\"JUSTIFY\"><span style=\"font-family: Arial, sans-serif;\"><span style=\"font-size: small;\">Nombre d&rsquo;abstention\u00a0: 04 (dont 2 partielles)<\/span><\/span><\/p>\n<\/li>\n<li>\n<p align=\"JUSTIFY\"><span style=\"font-family: Arial, sans-serif;\"><span style=\"font-size: small;\">Nombre de voix en faveur des candidats et de l&rsquo;ancien comit\u00e9\u00a0: 54 (02 voix contre)<\/span><\/span><\/p>\n<\/li>\n<\/ul>\n<\/li>\n<\/ul>\n<p align=\"JUSTIFY\"><span style=\"font-family: Arial, sans-serif;\"><span style=\"font-size: small;\">Le proc\u00e8s-verbal d\u00e9taill\u00e9 relatif \u00e0 l&rsquo;assembl\u00e9e g\u00e9n\u00e9rale vous sera adress\u00e9 dans les prochains jours par notre tr\u00e9sorier, Jean TORRES.<\/span><\/span><\/p>\n<p align=\"JUSTIFY\"><span style=\"font-family: Arial, sans-serif;\"><span style=\"font-size: medium;\">&#8211; <i><u><b>Composition du nouveau comit\u00e9 2022 \u2013 2024<\/b><\/u><\/i>\u00a0:<\/span><\/span><\/p>\n<p align=\"JUSTIFY\"><span style=\"font-family: Arial, sans-serif;\"><span style=\"font-size: small;\">&#8211; Les membres du nouveau comit\u00e9 ayant \u00e9t\u00e9 \u00e9lus \u00e0 la majorit\u00e9 des voix, celui-ci se compose comme suit, \u00e0 l&rsquo;issue d&rsquo;un vote interne \u00a0:<\/span><\/span><\/p>\n<ul>\n<li>\n<p align=\"JUSTIFY\"><span style=\"font-family: Arial, sans-serif;\"><span style=\"font-size: small;\"><u>Pr\u00e9sident\u00a0<\/u>: <b>BERNHARDT Patrick<\/b><\/span><\/span><\/p>\n<\/li>\n<li>\n<p align=\"JUSTIFY\"><span style=\"font-family: Arial, sans-serif;\"><span style=\"font-size: small;\"><u>Vice-pr\u00e9sident<\/u>\u00a0: <b>DUPRAT Jean-Fran\u00e7ois<\/b><\/span><\/span><\/p>\n<\/li>\n<li>\n<p align=\"JUSTIFY\"><span style=\"font-family: Arial, sans-serif;\"><span style=\"font-size: small;\"><u>Tr\u00e9sorier\u00a0<\/u>: <b>TORRES Jean<\/b> <\/span><\/span><\/p>\n<\/li>\n<li>\n<p align=\"JUSTIFY\"><span style=\"font-family: Arial, sans-serif;\"><span style=\"font-size: small;\"><u>Tr\u00e9sorier adjoint<\/u>\u00a0: <b>CITERNE Sylvain<\/b><\/span><\/span><\/p>\n<\/li>\n<li>\n<p align=\"JUSTIFY\"><span style=\"font-family: Arial, sans-serif;\"><span style=\"font-size: small;\"><u>Secr\u00e9taire\u00a0<\/u>: <b>BERNHARDT Danielle<\/b><\/span><\/span><\/p>\n<\/li>\n<li>\n<p align=\"JUSTIFY\"><span style=\"font-family: Arial, sans-serif;\"><span style=\"font-size: small;\"><u>Assesseur\u00a0<\/u>: <b>LITT Mich\u00e8le<\/b> (charg\u00e9e du fleurissement et de l&#8217;embellissement du site)<\/span><\/span><\/p>\n<\/li>\n<li>\n<p align=\"JUSTIFY\"><span style=\"font-family: Arial, sans-serif;\"><span style=\"font-size: small;\"><u>Assesseur\u00a0<\/u>: <b>OSSWALD Antoine<\/b> (responsable des machines)<\/span><\/span><\/p>\n<\/li>\n<li>\n<p align=\"JUSTIFY\"><span style=\"font-family: Arial, sans-serif;\"><span style=\"font-size: small;\"><u>Assesseur\u00a0<\/u>: <b>HUBER Rapha\u00ebl<\/b> (adjoint au responsable des machines)<\/span><\/span><\/p>\n<\/li>\n<li>\n<p align=\"JUSTIFY\"><span style=\"font-family: Arial, sans-serif;\"><span style=\"font-size: small;\"><u>Assesseur\u00a0<\/u>: <b>RUNTZ G\u00e9rard<\/b> (responsable de l&rsquo;approvisionnement en eau)<\/span><\/span><\/p>\n<\/li>\n<li>\n<p align=\"JUSTIFY\"><span style=\"font-family: Arial, sans-serif;\"><span style=\"font-size: small;\"><u>Assesseur\u00a0<\/u>: <b>MORTZ Jean-Paul<\/b><\/span><\/span><\/p>\n<\/li>\n<\/ul>\n<p align=\"JUSTIFY\"><span style=\"font-family: Arial, sans-serif;\"><span style=\"font-size: medium;\">&#8211; <i><u><b>Pr\u00e9visions et investissements pour 2022<\/b><\/u><\/i>\u00a0:<\/span><\/span><\/p>\n<p align=\"JUSTIFY\"><span style=\"font-family: Arial, sans-serif;\"><span style=\"font-size: small;\">&#8211; La tondeuse avec une largeur de coupe de 43 cms a \u00e9t\u00e9 achet\u00e9e il y a deux semaines, et semble donner satisfaction, \u00e9tant plus facile \u00e0 manipuler.<\/span><\/span><\/p>\n<p align=\"JUSTIFY\"><span style=\"font-family: Arial, sans-serif;\"><span style=\"font-size: small;\">&#8211; Achat d&rsquo;un deuxi\u00e8me abri m\u00e9tallique de jardin destin\u00e9 \u00e0 \u00eatre implant\u00e9 sur la parcelle 51.<\/span><\/span><\/p>\n<p align=\"JUSTIFY\"><span style=\"font-family: Arial, sans-serif;\"><span style=\"font-size: small;\">&#8211; Mise en place d&rsquo;une couche de gravier fin (ou sable sur le terrain de p\u00e9tanque)<\/span><\/span><\/p>\n<p align=\"JUSTIFY\"><span style=\"font-family: Arial, sans-serif;\"><span style=\"font-size: small;\">&#8211; <u><b>Organisation d&rsquo;une journ\u00e9e d\u00e9tente \u2013 barbecue<\/b><\/u> d\u00e9but juin 2022 (le 05 ou 12 juin, la date reste \u00e0 d\u00e9finir). Chacun ram\u00e8nera sa nourriture (viande, grillades, salades etc&#8230;), le comit\u00e9 offrira l&rsquo;ap\u00e9ritif et mettra \u00e0 disposition les tables, bancs, tonnelles, barbecue. Des jeux pourront \u00eatre envisag\u00e9s (p\u00e9tanque, sjoelbak, cartes etc&#8230;) <\/span><\/span><\/p>\n<p align=\"JUSTIFY\"><span style=\"font-family: Arial, sans-serif;\"><span style=\"font-size: medium;\">&#8211; <i><u><b>S\u00e9ances de travail<\/b><\/u><\/i>\u00a0:<\/span><\/span><\/p>\n<p align=\"JUSTIFY\"><span style=\"font-family: Arial, sans-serif;\"><span style=\"font-size: small;\">&#8211; Les dates suivantes ont \u00e9t\u00e9 retenues pour les s\u00e9ances de travail (activit\u00e9s selon m\u00e9t\u00e9o)\u00a0:<\/span><\/span><\/p>\n<p align=\"JUSTIFY\"><span style=\"font-family: Arial, sans-serif;\"><span style=\"font-size: small;\">&#8211; <u><b>Samedi 09 avril de 08h30 \u00e0 11h30<\/b><\/u> (Patrick)<\/span><\/span><\/p>\n<p align=\"JUSTIFY\"><span style=\"font-family: Arial, sans-serif;\"><span style=\"font-size: small;\">&#8211; <u><b>Mercredi 13 avril de 14h00 \u00e0 17h00<\/b><\/u> (Antoine) <\/span><\/span><\/p>\n<p align=\"JUSTIFY\"><span style=\"font-family: Arial, sans-serif;\"><span style=\"font-size: small;\">&#8211; <u><b>Mercredi 20 avril de 14h00 \u00e0 17h00<\/b><\/u> (Antoine) <\/span><\/span><\/p>\n<p align=\"JUSTIFY\"><span style=\"font-family: Arial, sans-serif;\"><span style=\"font-size: small;\">&#8211; <\/span><\/span><span style=\"font-family: Arial, sans-serif;\"><span style=\"font-size: small;\"><u><b>Samedi 30 avril de 08h30 \u00e0 11h30<\/b><\/u><\/span><\/span><span style=\"font-family: Arial, sans-serif;\"><span style=\"font-size: small;\"> (Jean) <\/span><\/span><\/p>\n<p align=\"JUSTIFY\"><span style=\"font-family: Arial, sans-serif;\"><span style=\"font-size: medium;\">&#8211; <i><u><b>Points divers<\/b><\/u><\/i>\u00a0:<\/span><\/span><\/p>\n<p align=\"JUSTIFY\"><span style=\"font-family: Arial, sans-serif;\"><span style=\"font-size: small;\">&#8211; <u><b>Cotisations<\/b><\/u>\u00a0: pr\u00e8s de 20 jardiniers ne se sont pas encore acquitt\u00e9s de leur cotisation 2022. Conform\u00e9ment au r\u00e8glement, une majoration de 20 % leur est applicable depuis le 01er avril, sauf arrangement particulier avec le tr\u00e9sorier.<\/span><\/span><\/p>\n<p align=\"JUSTIFY\"><span style=\"font-family: Arial, sans-serif;\"><span style=\"font-size: small;\">&#8211; <u><b>R\u00e9cup\u00e9rateurs d&rsquo;eau de pluie<\/b><\/u>\u00a0: ayant \u00e9t\u00e9 interrog\u00e9 sur le remplacement de certains r\u00e9cup\u00e9rateurs d&rsquo;eau de pluie, il convient de pr\u00e9ciser qu&rsquo;il a \u00e9t\u00e9 rappel\u00e9 aux jardiniers \u00e0 3 ou 4 reprises de mettre ces r\u00e9cup\u00e9rateurs \u00e0 l&rsquo;abri avant les grands froids. Tout dommage r\u00e9sultant d&rsquo;une n\u00e9gligence ne pourra \u00eatre pris en charge par le comit\u00e9.<\/span><\/span><\/p>\n<p align=\"JUSTIFY\"><span style=\"font-family: Arial, sans-serif;\"><span style=\"font-size: small;\">&#8211; <u><b>Fourniture de fumier et paille<\/b><\/u>\u00a0: l&rsquo;association ne prendra plus \u00e0 son compte la fourniture de fumier pour les jardiniers, en raison des probl\u00e8mes rencontr\u00e9s lors de la derni\u00e8re livraison (non respect des quantit\u00e9s, des commandes et critiques en tous genres&#8230;.). Pour ce qui est de la paille, nous sommes en attente de la r\u00e9ponse de notre fournisseur habituel, mais ne pouvons garantir une quelconque quantit\u00e9.<\/span><\/span><\/p>\n<p align=\"JUSTIFY\"><span style=\"font-family: Arial, sans-serif;\"><span style=\"font-size: small;\">&#8211; <u><b>Achats divers<\/b><\/u>\u00a0: certaines personnes ont \u00e9voqu\u00e9 le souhait d&rsquo;acheter de nouvelles machines, notamment un soc, un broyeur de v\u00e9g\u00e9taux ou une d\u00e9broussailleuse plus maniable. <\/span><\/span><\/p>\n<ul>\n<li>\n<p align=\"JUSTIFY\"><span style=\"font-family: Arial, sans-serif;\"><span style=\"font-size: small;\">Pour ce qui est du soc, l&rsquo;achat n&rsquo;a pas \u00e9t\u00e9 consid\u00e9r\u00e9 comme \u00e9tant d&rsquo;une utilis\u00e9 r\u00e9elle, par rapport au prix \u00e9lev\u00e9 de l&rsquo;investissement (il faudrait acheter une machine compl\u00e8te, le soc ne pouvant \u00eatre adapt\u00e9 \u00e0 la fraise arri\u00e8re). D&rsquo;autant plus que ce genre de machine ne serait utile que dans certaines parcelles non- ou mal entretenues, et que les jardiniers concern\u00e9s ont la possibilit\u00e9 de louer ce genre d&rsquo;engin \u00e0 leurs frais aupr\u00e8s d&rsquo;un professionnel.<\/span><\/span><\/p>\n<\/li>\n<li>\n<p align=\"JUSTIFY\"><span style=\"font-family: Arial, sans-serif;\"><span style=\"font-size: small;\">Concernant le broyeur de v\u00e9g\u00e9taux, l\u00e0 encore l&rsquo;investissement serait trop important pour une machine thermique correcte et un broyeur \u00e9lectrique n&rsquo;\u00e9tant utilisable qu&rsquo;\u00e0 proximit\u00e9 du chalet.<\/span><\/span><\/p>\n<\/li>\n<li>\n<p align=\"JUSTIFY\"><span style=\"font-family: Arial, sans-serif;\"><span style=\"font-size: small;\">L&rsquo;achat d&rsquo;une seconde d\u00e9broussailleuse, plus l\u00e9g\u00e8re, pourra \u00e9ventuellement \u00eatre envisag\u00e9 pour 2023<\/span><\/span><\/p>\n<\/li>\n<\/ul>\n<p align=\"JUSTIFY\"><span style=\"font-family: Arial, sans-serif;\"><span style=\"font-size: small;\">&#8211; <u><b>Remise en lasure des cabanons et du chalet<\/b><\/u>\u00a0: l&rsquo;achat de lasure est pr\u00e9vu pour la fin de l&rsquo;ann\u00e9e 2022, permettant ainsi aux jardiniers de remettre leur(s) cabanon(s) en peinture \u00e0 l&rsquo;automne ou au printemps 2023.<\/span><\/span><\/p>\n<p align=\"JUSTIFY\"><span style=\"font-family: Arial, sans-serif;\"><span style=\"font-size: small;\"><b>&#8211; <u>Location du chalet de l&rsquo;association<\/u>\u00a0: <\/b>au vu de la r\u00e9glementation en vigueur, particuli\u00e8rement contraignante, le comit\u00e9 a d\u00e9cid\u00e9 de ne plus louer le chalet de l&rsquo;association et de modifier en ce sens le r\u00e8glement int\u00e9rieur. En effet, une mise aux normes (\u00e9lectricit\u00e9, gaz, \u00e9vacuation de l&rsquo;air vici\u00e9, chauffage, eau chaude etc&#8230;) serait n\u00e9cessaire, et ne pourra \u00eatre support\u00e9e financi\u00e8rement par l&rsquo;association, d&rsquo;autant que c&rsquo;est la ville qui est propri\u00e9taire du site et des locaux. Nous ne d\u00e9sirons pas solliciter la municipalit\u00e9 de Saverne pour 2-3 \u00e9ventuelles locations annuelles.<\/span><\/span><\/p>\n<p align=\"JUSTIFY\"><span style=\"font-family: Arial, sans-serif;\"><span style=\"font-size: small;\"> BERNHARDT Patrick<\/span><\/span><\/p>\n<p align=\"JUSTIFY\"><span style=\"font-family: Arial, sans-serif;\"><span style=\"font-size: small;\"> Pr\u00e9sident de l&rsquo;AAJFS.<\/span><\/span><\/p>\n","protected":false},"excerpt":{"rendered":"<p>Compte-rendu de la r\u00e9union du comit\u00e9 en date du 02 avril 2022 (R\u00e9union faisant suite \u00e0 l&rsquo;assembl\u00e9e g\u00e9n\u00e9rale en distanciel) Membres pr\u00e9sents\u00a0: TORRES Jean &#8211; BERNHARDT Patrick &#8211; LITT Mich\u00e8le &#8211; BERNHARDT Danielle \u2013 OSSWALD Antoine &#8211; MORTZ Jean-Paul &#8211; &hellip; <a href=\"https:\/\/www.amisdesjardinsfamiliauxdesaverne.fr\/?p=7533\">Continuer la lecture <span class=\"meta-nav\">&rarr;<\/span><\/a><\/p>\n","protected":false},"author":6,"featured_media":0,"comment_status":"closed","ping_status":"closed","sticky":false,"template":"","format":"standard","meta":{"footnotes":""},"categories":[1],"tags":[],"class_list":["post-7533","post","type-post","status-publish","format-standard","hentry","category-vie-associative"],"_links":{"self":[{"href":"https:\/\/www.amisdesjardinsfamiliauxdesaverne.fr\/index.php?rest_route=\/wp\/v2\/posts\/7533","targetHints":{"allow":["GET"]}}],"collection":[{"href":"https:\/\/www.amisdesjardinsfamiliauxdesaverne.fr\/index.php?rest_route=\/wp\/v2\/posts"}],"about":[{"href":"https:\/\/www.amisdesjardinsfamiliauxdesaverne.fr\/index.php?rest_route=\/wp\/v2\/types\/post"}],"author":[{"embeddable":true,"href":"https:\/\/www.amisdesjardinsfamiliauxdesaverne.fr\/index.php?rest_route=\/wp\/v2\/users\/6"}],"replies":[{"embeddable":true,"href":"https:\/\/www.amisdesjardinsfamiliauxdesaverne.fr\/index.php?rest_route=%2Fwp%2Fv2%2Fcomments&post=7533"}],"version-history":[{"count":2,"href":"https:\/\/www.amisdesjardinsfamiliauxdesaverne.fr\/index.php?rest_route=\/wp\/v2\/posts\/7533\/revisions"}],"predecessor-version":[{"id":7553,"href":"https:\/\/www.amisdesjardinsfamiliauxdesaverne.fr\/index.php?rest_route=\/wp\/v2\/posts\/7533\/revisions\/7553"}],"wp:attachment":[{"href":"https:\/\/www.amisdesjardinsfamiliauxdesaverne.fr\/index.php?rest_route=%2Fwp%2Fv2%2Fmedia&parent=7533"}],"wp:term":[{"taxonomy":"category","embeddable":true,"href":"https:\/\/www.amisdesjardinsfamiliauxdesaverne.fr\/index.php?rest_route=%2Fwp%2Fv2%2Fcategories&post=7533"},{"taxonomy":"post_tag","embeddable":true,"href":"https:\/\/www.amisdesjardinsfamiliauxdesaverne.fr\/index.php?rest_route=%2Fwp%2Fv2%2Ftags&post=7533"}],"curies":[{"name":"wp","href":"https:\/\/api.w.org\/{rel}","templated":true}]}}