{"id":7555,"date":"2022-05-16T13:26:08","date_gmt":"2022-05-16T12:26:08","guid":{"rendered":"https:\/\/www.amisdesjardinsfamiliauxdesaverne.fr\/?p=7555"},"modified":"2022-05-16T13:26:37","modified_gmt":"2022-05-16T12:26:37","slug":"compte-rendu-du-le-reunion-du-comite-du-08-05-2022","status":"publish","type":"post","link":"https:\/\/www.amisdesjardinsfamiliauxdesaverne.fr\/?p=7555","title":{"rendered":"Compte rendu de la r\u00e9union du comit\u00e9 du 08.05.2022"},"content":{"rendered":"\n<p align=\"CENTER\"><span style=\"font-family: Arial, sans-serif;\"><span style=\"font-size: large;\"><i><u><b>Compte-rendu de la r\u00e9union du comit\u00e9<\/b><\/u><\/i><\/span><\/span><\/p>\n<p align=\"CENTER\"><span style=\"font-family: Arial, sans-serif;\"><span style=\"font-size: large;\"><i><u><b>en date du 08 mai 2022<\/b><\/u><\/i><\/span><\/span><\/p>\n<p align=\"JUSTIFY\"><span style=\"font-family: Arial, sans-serif;\"><span style=\"font-size: small;\"><u>Membres pr\u00e9sents<\/u>&nbsp;: <b>TORRES Jean &#8211; BERNHARDT Patrick &#8211; LITT Mich\u00e8le &#8211; BERNHARDT Danielle \u2013 OSSWALD Antoine &#8211; RUNTZ G\u00e9rard \u2013 CITERNE Sylvain.<\/b><\/span><\/span><\/p>\n<p align=\"JUSTIFY\"><span style=\"font-family: Arial, sans-serif;\"><span style=\"font-size: small;\"><u>Membres absents excus\u00e9s<\/u>&nbsp;: <b>DUPRAT Jean-Fran\u00e7ois<\/b><\/span><\/span><\/p>\n<p align=\"JUSTIFY\"><span style=\"font-family: Arial, sans-serif;\"><span style=\"font-size: small;\"><u>Membre absent non excus\u00e9<\/u>&nbsp;: <b>MORTZ Jean-Paul &#8211; HUBER Rapha\u00ebl<\/b><\/span><\/span><\/p>\n<p align=\"JUSTIFY\"><span style=\"font-family: Arial, sans-serif;\"><span style=\"font-size: medium;\">&#8211; <i><u><b>Investissements 2022<\/b><\/u><\/i>&nbsp;:<\/span><\/span><\/p>\n<p align=\"JUSTIFY\"><span style=\"font-family: Arial, sans-serif;\"><span style=\"font-size: small;\">&#8211; L&rsquo;achat du second abri m\u00e9tallique destin\u00e9 \u00e0 la parcelle 51 fera l&rsquo;objet d&rsquo;une prospection au mois de juillet, durant les soldes.<\/span><\/span><\/p>\n<p align=\"JUSTIFY\"><span style=\"font-family: Arial, sans-serif;\"><span style=\"font-size: small;\">&#8211; Relance du CTM pour la mise en place d&rsquo;une couche de gravier fin (ou sable sur le terrain de p\u00e9tanque)<\/span><\/span><\/p>\n<p align=\"JUSTIFY\"><span style=\"font-family: Arial, sans-serif;\"><span style=\"font-size: small;\">&#8211; <span style=\"font-size: medium;\"><i><u><b>Organisation d&rsquo;une journ\u00e9e d\u00e9tente \u2013 barbecue&nbsp;<\/b><\/u><\/i><\/span>:<\/span><\/span><\/p>\n<p align=\"JUSTIFY\"><span style=\"font-family: Arial, sans-serif;\"><span style=\"font-size: small;\">&#8211; La date retenue pour l&rsquo;organisation d&rsquo;une journ\u00e9e d\u00e9tente \u2013 barbecue est le dimanche 05 juin 2022, \u00e0 compter de 11h00. <\/span><\/span><\/p>\n<p align=\"JUSTIFY\"><span style=\"font-family: Arial, sans-serif;\"><span style=\"font-size: small;\">&#8211; Pour rappel, le comit\u00e9 offrira l&rsquo;ap\u00e9ritif et mettra \u00e0 disposition les tables, bancs, tonnelles, barbecue. Des jeux pourront \u00eatre envisag\u00e9s (p\u00e9tanque, sjoelbak, cartes etc&#8230;). Chacun ram\u00e8nera sa nourriture et les boissons, qui pourront \u00eatre mis en commun si vous d\u00e9sirez.<\/span><\/span><\/p>\n<p align=\"JUSTIFY\"><span style=\"font-family: Arial, sans-serif;\"><span style=\"font-size: small;\">&#8211; Pour une question d&rsquo;organisation, merci de bien vouloir r\u00e9server avant le mercredi 01er juin 2022 par SMS au 06.38.84.73.36 ou par mail \u00e0 l&rsquo;adresse <a href=\"&#x6d;&#x61;&#x69;&#x6c;&#x74;&#x6f;&#x3a;&#x62;&#104;&#116;&#100;&#97;&#110;&#105;&#101;lle&#46;&#x70;&#x61;&#x74;&#x72;&#x69;&#x63;&#x6b;&#x40;&#x67;&#109;&#97;&#105;&#108;&#46;&#99;&#111;m\"><i><b>&#98;h&#x74;d&#x61;n&#x69;&#101;&#x6c;&#108;&#x65;&#46;p&#x61;t&#x72;i&#x63;&#107;&#x40;&#103;&#x6d;&#97;&#x69;&#108;&#46;&#x63;o&#x6d;<\/b><\/i><\/a> en indiquant votre nom, le n\u00b0 de parcelle et le nombre de participants.<\/span><\/span><\/p>\n<p align=\"JUSTIFY\"><span style=\"font-family: Arial, sans-serif;\"><span style=\"font-size: medium;\">&#8211; <i><u><b>S\u00e9ances de travail<\/b><\/u><\/i>&nbsp;:<\/span><\/span><\/p>\n<p align=\"JUSTIFY\"><span style=\"font-family: Arial, sans-serif;\"><span style=\"font-size: small;\">&#8211; Les dates suivantes ont \u00e9t\u00e9 retenues pour les s\u00e9ances de travail (activit\u00e9s selon m\u00e9t\u00e9o)&nbsp;:<\/span><\/span><\/p>\n<p align=\"JUSTIFY\"><span style=\"font-family: Arial, sans-serif;\"><span style=\"font-size: small;\">&#8211; <u><b>Mercredi 11 mai de 14h00 \u00e0 17h00<\/b><\/u> (Antoine)<\/span><\/span><\/p>\n<p align=\"JUSTIFY\"><span style=\"font-family: Arial, sans-serif;\"><span style=\"font-size: small;\">&#8211; <u><b>Samedi 14 mai de 08h30 \u00e0 11h30<\/b><\/u> (Mich\u00e8le \u2013 Fleurissement du site et des serres)<\/span><\/span><\/p>\n<p align=\"JUSTIFY\"><span style=\"font-family: Arial, sans-serif;\"><span style=\"font-size: small;\">&#8211; <u><b>Samedi 21 mai de 08h30 \u00e0 11h30<\/b><\/u> (Sylvain)<\/span><\/span><\/p>\n<p align=\"JUSTIFY\"><span style=\"font-family: Arial, sans-serif;\"><span style=\"font-size: small;\">&#8211; <u><b>Mercredi 25 mai de 14h00 \u00e0 17h00<\/b><\/u> (Antoine) <\/span><\/span><\/p>\n<p align=\"JUSTIFY\"><span style=\"font-family: Arial, sans-serif;\"><span style=\"font-size: small;\">&#8211; <\/span><\/span><span style=\"font-family: Arial, sans-serif;\"><span style=\"font-size: small;\"><u><b>Samedi 28 mai de 08h30 \u00e0 11h30<\/b><\/u><\/span><\/span><span style=\"font-family: Arial, sans-serif;\"><span style=\"font-size: small;\"> (G\u00e9rard) <\/span><\/span><\/p>\n<p align=\"JUSTIFY\"><span style=\"font-family: Arial, sans-serif;\"><span style=\"font-size: medium;\">&#8211; <i><u><b>Points divers<\/b><\/u><\/i>&nbsp;:<\/span><\/span><\/p>\n<p align=\"JUSTIFY\"><span style=\"font-family: Arial, sans-serif;\"><span style=\"font-size: small;\">&#8211; <u><b>Concours d&rsquo;\u00e9pouvantails<\/b><\/u> : comme nous l&rsquo;avions fait il y a quelques ann\u00e9es, il est envisag\u00e9 de refaire un concours du plus bel ou plus original \u00e9pouvantail. Tous les jardiniers sont invit\u00e9s \u00e0 participer.<\/span><\/span><\/p>\n<p align=\"JUSTIFY\"><span style=\"font-family: Arial, sans-serif;\"><span style=\"font-size: small;\">&#8211; D\u00e9but septembre 2022, \u00e0 l&rsquo;occasion d&rsquo;un deuxi\u00e8me journ\u00e9e d\u00e9tente, le comit\u00e9 fera la tourn\u00e9e des jardins en vue de d\u00e9terminer les gagnants du concours.<\/span><\/span><\/p>\n<p align=\"JUSTIFY\"><span style=\"font-family: Arial, sans-serif;\"><span style=\"font-size: medium;\">&#8211; <i><u><b>Visite des jardins<\/b><\/u><\/i>&nbsp;:<\/span><\/span><\/p>\n<p align=\"JUSTIFY\"><span style=\"font-family: Arial, sans-serif;\"><span style=\"font-size: small;\">&#8211; Le comit\u00e9 \u00e0 profit\u00e9 de cette r\u00e9union pour visiter les jardins. Nous avons notamment pu constater que plusieurs parcelles ne sont plus entretenues et dans un \u00e9tat d&rsquo;abandon avanc\u00e9, causant des d\u00e9sagr\u00e9ments aux jardiniers voisins.<\/span><\/span><\/p>\n<p align=\"JUSTIFY\"><span style=\"font-family: Arial, sans-serif;\"><span style=\"font-size: small;\">&#8211; Les locataires de ces parcelles se verront adresser un ultime avertissement, avec une remise en \u00e9tat sous quinzaine.<\/span><\/span><\/p>\n<p align=\"JUSTIFY\"><span style=\"font-family: Arial, sans-serif;\"><span style=\"font-size: small;\">&#8211; J&rsquo;en profite pour signaler que suite \u00e0 une intervention de la municipalit\u00e9, il conviendra (<u><b>et ceci concerne tous les jardiniers<\/b><\/u>), de retirer la totalit\u00e9 des b\u00e2ches plastiques, les palettes et objets en tous genres qui tra\u00eenent. Seules seront encore tol\u00e9r\u00e9es les pergolas en bois ou m\u00e9tal, amovibles, sans aucune paroi lat\u00e9rale (\u00e0 l&rsquo;exception de v\u00e9g\u00e9taux). Toute construction ou modification devra faire l&rsquo;objet d&rsquo;un passage devant le comit\u00e9 afin d&rsquo;en obtenir l&rsquo;autorisation.<\/span><\/span><\/p>\n<p align=\"JUSTIFY\"><span style=\"font-family: Arial, sans-serif;\"><span style=\"font-size: small;\">&#8211; Afin de garder une certaine harmonie au sein du site, les cl\u00f4tures devront \u00e9galement \u00eatre d\u00e9mont\u00e9es sous quinzaine.<\/span><\/span><\/p>\n<p align=\"JUSTIFY\"><span style=\"font-family: Arial, sans-serif;\"><span style=\"font-size: small;\">&#8211; Lors de notre visite, nous avons \u00e9galement pu constater que d&rsquo;autres parcelles sont particuli\u00e8rement bien soign\u00e9es. Ces jardiniers se verront adresser un courrier d&rsquo;encouragement.<\/span><\/span><\/p>\n<p align=\"JUSTIFY\"><span style=\"font-family: Arial, sans-serif;\"><span style=\"font-size: small;\"> BERNHARDT Patrick<\/span><\/span><\/p>\n<p align=\"JUSTIFY\"><span style=\"font-family: Arial, sans-serif;\"><span style=\"font-size: small;\"> Pr\u00e9sident de l&rsquo;AAJFS.<\/span><\/span><\/p>\n\n\n","protected":false},"excerpt":{"rendered":"<p>Compte-rendu de la r\u00e9union du comit\u00e9 en date du 08 mai 2022 Membres pr\u00e9sents&nbsp;: TORRES Jean &#8211; BERNHARDT Patrick &#8211; LITT Mich\u00e8le &#8211; BERNHARDT Danielle \u2013 OSSWALD Antoine &#8211; RUNTZ G\u00e9rard \u2013 CITERNE Sylvain. Membres absents excus\u00e9s&nbsp;: DUPRAT Jean-Fran\u00e7ois Membre &hellip; <a href=\"https:\/\/www.amisdesjardinsfamiliauxdesaverne.fr\/?p=7555\">Continuer la lecture <span class=\"meta-nav\">&rarr;<\/span><\/a><\/p>\n","protected":false},"author":6,"featured_media":0,"comment_status":"closed","ping_status":"closed","sticky":false,"template":"","format":"standard","meta":{"footnotes":""},"categories":[1],"tags":[],"class_list":["post-7555","post","type-post","status-publish","format-standard","hentry","category-vie-associative"],"_links":{"self":[{"href":"https:\/\/www.amisdesjardinsfamiliauxdesaverne.fr\/index.php?rest_route=\/wp\/v2\/posts\/7555","targetHints":{"allow":["GET"]}}],"collection":[{"href":"https:\/\/www.amisdesjardinsfamiliauxdesaverne.fr\/index.php?rest_route=\/wp\/v2\/posts"}],"about":[{"href":"https:\/\/www.amisdesjardinsfamiliauxdesaverne.fr\/index.php?rest_route=\/wp\/v2\/types\/post"}],"author":[{"embeddable":true,"href":"https:\/\/www.amisdesjardinsfamiliauxdesaverne.fr\/index.php?rest_route=\/wp\/v2\/users\/6"}],"replies":[{"embeddable":true,"href":"https:\/\/www.amisdesjardinsfamiliauxdesaverne.fr\/index.php?rest_route=%2Fwp%2Fv2%2Fcomments&post=7555"}],"version-history":[{"count":2,"href":"https:\/\/www.amisdesjardinsfamiliauxdesaverne.fr\/index.php?rest_route=\/wp\/v2\/posts\/7555\/revisions"}],"predecessor-version":[{"id":7557,"href":"https:\/\/www.amisdesjardinsfamiliauxdesaverne.fr\/index.php?rest_route=\/wp\/v2\/posts\/7555\/revisions\/7557"}],"wp:attachment":[{"href":"https:\/\/www.amisdesjardinsfamiliauxdesaverne.fr\/index.php?rest_route=%2Fwp%2Fv2%2Fmedia&parent=7555"}],"wp:term":[{"taxonomy":"category","embeddable":true,"href":"https:\/\/www.amisdesjardinsfamiliauxdesaverne.fr\/index.php?rest_route=%2Fwp%2Fv2%2Fcategories&post=7555"},{"taxonomy":"post_tag","embeddable":true,"href":"https:\/\/www.amisdesjardinsfamiliauxdesaverne.fr\/index.php?rest_route=%2Fwp%2Fv2%2Ftags&post=7555"}],"curies":[{"name":"wp","href":"https:\/\/api.w.org\/{rel}","templated":true}]}}