{"id":7558,"date":"2022-05-16T13:30:11","date_gmt":"2022-05-16T12:30:11","guid":{"rendered":"https:\/\/www.amisdesjardinsfamiliauxdesaverne.fr\/?p=7558"},"modified":"2022-05-16T13:30:50","modified_gmt":"2022-05-16T12:30:50","slug":"journee-detente-dimanche-05-juin-2022","status":"publish","type":"post","link":"https:\/\/www.amisdesjardinsfamiliauxdesaverne.fr\/?p=7558","title":{"rendered":"Journ\u00e9e d\u00e9tente &#8211; Dimanche 05 juin 2022"},"content":{"rendered":"\n<p align=\"CENTER\"><span style=\"font-size: 300%;\"><b>JOURN\u00c9E D<span style=\"font-family: Arial, sans-serif;\">\u00c9<\/span>TENTE <\/b><\/span><\/p>\n<p align=\"CENTER\"><span style=\"font-size: xx-large;\"><b>AUX JARDINS FAMILIAUX DE SAVERNE<\/b><\/span><\/p>\n<p align=\"CENTER\"><span style=\"font-size: x-large;\"><b>(R\u00e9serv\u00e9e aux membres de l&rsquo;association<\/b><\/span><\/p>\n<p align=\"CENTER\"><span style=\"font-size: x-large;\"><b>et \u00e0 leur famille)<\/b><\/span><\/p>\n<p align=\"CENTER\"><span style=\"font-size: 300%;\"><b><u>Dimanche 05 juin 2022<\/u> <\/b><\/span><\/p>\n<p align=\"CENTER\"><span style=\"font-size: 300%;\"><b>\u00e0 partir de 11 heures 00<\/b><\/span><\/p>\n<p align=\"CENTER\"><span style=\"font-size: x-large;\"><b>Le comit\u00e9 vous offrira l&rsquo;ap\u00e9ritif et mettra \u00e0 disposition<\/b><\/span><\/p>\n<p align=\"CENTER\"><span style=\"font-size: x-large;\"><b>un barbecue, tables, bancs et tonnelles.<\/b><\/span><\/p>\n<p align=\"CENTER\"><span style=\"font-size: x-large;\"><b>Chacun ram\u00e8nera sa nourriture et ses boissons qui pourront \u00eatre mis en commun si vous le souhaitez.<\/b><\/span><\/p>\n<p align=\"CENTER\"><span style=\"font-size: x-large;\"><b>Apr\u00e8s-midi r\u00e9cr\u00e9ative, <\/b><\/span><\/p>\n<p align=\"CENTER\"><span style=\"font-size: x-large;\"><b>avec p\u00e9tanque, sjoelbak, jeux de cartes etc&#8230;.<\/b><\/span><\/p>\n<p align=\"CENTER\"><span style=\"font-size: large;\"><u><b>Les personnes int\u00e9ress\u00e9es voudront bien se faire conna\u00eetre avant le mercredi 01er juin 2022 aupr\u00e8s du pr\u00e9sident par SMS au 06.38.84.73.36 ou par mail \u00e0 l&rsquo;adresse&nbsp;: <a href=\"&#x6d;&#x61;&#x69;&#108;&#116;o:&#x62;&#x68;&#x74;&#x64;&#97;&#110;ie&#x6c;&#x6c;&#x65;&#46;&#112;&#97;tr&#x69;&#x63;&#x6b;&#64;&#103;ma&#x69;&#x6c;&#x2e;&#x63;&#111;&#109;\">&#98;&#x68;&#x74;&#100;&#x61;&#x6e;i&#x65;&#x6c;l&#101;&#x2e;p&#97;&#x74;r&#105;&#x63;k&#64;&#x67;m&#97;&#x69;&#x6c;&#46;&#x63;&#x6f;&#109;<\/a> en indiquant vos nom, n\u00b0 de parcelle et le nombre de participants.<\/b><\/u><\/span><\/p>\n\n\n","protected":false},"excerpt":{"rendered":"<p>JOURN\u00c9E D\u00c9TENTE AUX JARDINS FAMILIAUX DE SAVERNE (R\u00e9serv\u00e9e aux membres de l&rsquo;association et \u00e0 leur famille) Dimanche 05 juin 2022 \u00e0 partir de 11 heures 00 Le comit\u00e9 vous offrira l&rsquo;ap\u00e9ritif et mettra \u00e0 disposition un barbecue, tables, bancs et &hellip; <a href=\"https:\/\/www.amisdesjardinsfamiliauxdesaverne.fr\/?p=7558\">Continuer la lecture <span class=\"meta-nav\">&rarr;<\/span><\/a><\/p>\n","protected":false},"author":6,"featured_media":0,"comment_status":"closed","ping_status":"closed","sticky":false,"template":"","format":"standard","meta":{"footnotes":""},"categories":[1],"tags":[],"class_list":["post-7558","post","type-post","status-publish","format-standard","hentry","category-vie-associative"],"_links":{"self":[{"href":"https:\/\/www.amisdesjardinsfamiliauxdesaverne.fr\/index.php?rest_route=\/wp\/v2\/posts\/7558","targetHints":{"allow":["GET"]}}],"collection":[{"href":"https:\/\/www.amisdesjardinsfamiliauxdesaverne.fr\/index.php?rest_route=\/wp\/v2\/posts"}],"about":[{"href":"https:\/\/www.amisdesjardinsfamiliauxdesaverne.fr\/index.php?rest_route=\/wp\/v2\/types\/post"}],"author":[{"embeddable":true,"href":"https:\/\/www.amisdesjardinsfamiliauxdesaverne.fr\/index.php?rest_route=\/wp\/v2\/users\/6"}],"replies":[{"embeddable":true,"href":"https:\/\/www.amisdesjardinsfamiliauxdesaverne.fr\/index.php?rest_route=%2Fwp%2Fv2%2Fcomments&post=7558"}],"version-history":[{"count":2,"href":"https:\/\/www.amisdesjardinsfamiliauxdesaverne.fr\/index.php?rest_route=\/wp\/v2\/posts\/7558\/revisions"}],"predecessor-version":[{"id":7560,"href":"https:\/\/www.amisdesjardinsfamiliauxdesaverne.fr\/index.php?rest_route=\/wp\/v2\/posts\/7558\/revisions\/7560"}],"wp:attachment":[{"href":"https:\/\/www.amisdesjardinsfamiliauxdesaverne.fr\/index.php?rest_route=%2Fwp%2Fv2%2Fmedia&parent=7558"}],"wp:term":[{"taxonomy":"category","embeddable":true,"href":"https:\/\/www.amisdesjardinsfamiliauxdesaverne.fr\/index.php?rest_route=%2Fwp%2Fv2%2Fcategories&post=7558"},{"taxonomy":"post_tag","embeddable":true,"href":"https:\/\/www.amisdesjardinsfamiliauxdesaverne.fr\/index.php?rest_route=%2Fwp%2Fv2%2Ftags&post=7558"}],"curies":[{"name":"wp","href":"https:\/\/api.w.org\/{rel}","templated":true}]}}