{"id":7562,"date":"2022-06-06T19:30:45","date_gmt":"2022-06-06T18:30:45","guid":{"rendered":"https:\/\/www.amisdesjardinsfamiliauxdesaverne.fr\/?p=7562"},"modified":"2022-06-06T19:30:45","modified_gmt":"2022-06-06T18:30:45","slug":"prochaines-seances-de-travail-2","status":"publish","type":"post","link":"https:\/\/www.amisdesjardinsfamiliauxdesaverne.fr\/?p=7562","title":{"rendered":"Prochaines s\u00e9ances de travail"},"content":{"rendered":"\n<p>Bonjour \u00e0 toutes et \u00e0 tous<\/p>\n<p>Voici les dates retenues pour les prochaines s\u00e9ances de travail :<\/p>\n<ul>\n<li>Mercredi 08 juin 2022 de 14h00 \u00e0 17h00 &#8211; Resp. Antoine O.<\/li>\n<li>Samedi 18 juin 2022 de 08h30 \u00e0 11h30 &#8211; Resp. Sylvain C.<\/li>\n<li>Samedi 25 juin 2022 de 08h30 \u00e0 11h30 &#8211; Resp. Antoine O. et Mich\u00e8le L.<\/li>\n<li>Samedi 02 juillet 2022 de 08h30 \u00e0 11h30 &#8211; Resp. Jean T.<\/li>\n<li>Samedi 09 juillet 2022 de 08h30 \u00e0 11h30 &#8211; Resp. Rapha\u00ebl H.<\/li>\n<\/ul>\n<p>Au programme, entretien du site, tonte etc&#8230;<\/p>\n<p>Merci pour votre participation.<\/p>\n","protected":false},"excerpt":{"rendered":"<p>Bonjour \u00e0 toutes et \u00e0 tous Voici les dates retenues pour les prochaines s\u00e9ances de travail : Mercredi 08 juin 2022 de 14h00 \u00e0 17h00 &#8211; Resp. Antoine O. Samedi 18 juin 2022 de 08h30 \u00e0 11h30 &#8211; Resp. Sylvain &hellip; <a href=\"https:\/\/www.amisdesjardinsfamiliauxdesaverne.fr\/?p=7562\">Continuer la lecture <span class=\"meta-nav\">&rarr;<\/span><\/a><\/p>\n","protected":false},"author":6,"featured_media":0,"comment_status":"closed","ping_status":"closed","sticky":false,"template":"","format":"standard","meta":{"footnotes":""},"categories":[1],"tags":[],"class_list":["post-7562","post","type-post","status-publish","format-standard","hentry","category-vie-associative"],"_links":{"self":[{"href":"https:\/\/www.amisdesjardinsfamiliauxdesaverne.fr\/index.php?rest_route=\/wp\/v2\/posts\/7562","targetHints":{"allow":["GET"]}}],"collection":[{"href":"https:\/\/www.amisdesjardinsfamiliauxdesaverne.fr\/index.php?rest_route=\/wp\/v2\/posts"}],"about":[{"href":"https:\/\/www.amisdesjardinsfamiliauxdesaverne.fr\/index.php?rest_route=\/wp\/v2\/types\/post"}],"author":[{"embeddable":true,"href":"https:\/\/www.amisdesjardinsfamiliauxdesaverne.fr\/index.php?rest_route=\/wp\/v2\/users\/6"}],"replies":[{"embeddable":true,"href":"https:\/\/www.amisdesjardinsfamiliauxdesaverne.fr\/index.php?rest_route=%2Fwp%2Fv2%2Fcomments&post=7562"}],"version-history":[{"count":1,"href":"https:\/\/www.amisdesjardinsfamiliauxdesaverne.fr\/index.php?rest_route=\/wp\/v2\/posts\/7562\/revisions"}],"predecessor-version":[{"id":7563,"href":"https:\/\/www.amisdesjardinsfamiliauxdesaverne.fr\/index.php?rest_route=\/wp\/v2\/posts\/7562\/revisions\/7563"}],"wp:attachment":[{"href":"https:\/\/www.amisdesjardinsfamiliauxdesaverne.fr\/index.php?rest_route=%2Fwp%2Fv2%2Fmedia&parent=7562"}],"wp:term":[{"taxonomy":"category","embeddable":true,"href":"https:\/\/www.amisdesjardinsfamiliauxdesaverne.fr\/index.php?rest_route=%2Fwp%2Fv2%2Fcategories&post=7562"},{"taxonomy":"post_tag","embeddable":true,"href":"https:\/\/www.amisdesjardinsfamiliauxdesaverne.fr\/index.php?rest_route=%2Fwp%2Fv2%2Ftags&post=7562"}],"curies":[{"name":"wp","href":"https:\/\/api.w.org\/{rel}","templated":true}]}}