{"id":7568,"date":"2022-07-24T20:35:37","date_gmt":"2022-07-24T19:35:37","guid":{"rendered":"https:\/\/www.amisdesjardinsfamiliauxdesaverne.fr\/?p=7568"},"modified":"2022-07-24T20:35:37","modified_gmt":"2022-07-24T19:35:37","slug":"mesures-liees-a-la-secheresse","status":"publish","type":"post","link":"https:\/\/www.amisdesjardinsfamiliauxdesaverne.fr\/?p=7568","title":{"rendered":"Mesures li\u00e9es \u00e0 la s\u00e8cheresse."},"content":{"rendered":"\n\n\n<p>Bonjour ami(e)s jardiniers.<\/p>\n<p>En raison de la s\u00e8cheresse qui s\u00e9vit actuellement et afin d&rsquo;\u00e9viter tout d\u00e9part d&rsquo;incendie, nous avons pris la d\u00e9cision d&rsquo;interdire les barbecues et autres feux dans l&rsquo;enceinte des jardins familiaux et ce jusqu&rsquo;\u00e0 am\u00e9lioration des conditions m\u00e9t\u00e9orologiques.<\/p>\n<p>La lev\u00e9e de cette interdiction vous sera signal\u00e9e par mail.<\/p>\n","protected":false},"excerpt":{"rendered":"<p>Bonjour ami(e)s jardiniers. En raison de la s\u00e8cheresse qui s\u00e9vit actuellement et afin d&rsquo;\u00e9viter tout d\u00e9part d&rsquo;incendie, nous avons pris la d\u00e9cision d&rsquo;interdire les barbecues et autres feux dans l&rsquo;enceinte des jardins familiaux et ce jusqu&rsquo;\u00e0 am\u00e9lioration des conditions m\u00e9t\u00e9orologiques. &hellip; <a href=\"https:\/\/www.amisdesjardinsfamiliauxdesaverne.fr\/?p=7568\">Continuer la lecture <span class=\"meta-nav\">&rarr;<\/span><\/a><\/p>\n","protected":false},"author":6,"featured_media":0,"comment_status":"closed","ping_status":"closed","sticky":false,"template":"","format":"standard","meta":{"footnotes":""},"categories":[1],"tags":[],"class_list":["post-7568","post","type-post","status-publish","format-standard","hentry","category-vie-associative"],"_links":{"self":[{"href":"https:\/\/www.amisdesjardinsfamiliauxdesaverne.fr\/index.php?rest_route=\/wp\/v2\/posts\/7568","targetHints":{"allow":["GET"]}}],"collection":[{"href":"https:\/\/www.amisdesjardinsfamiliauxdesaverne.fr\/index.php?rest_route=\/wp\/v2\/posts"}],"about":[{"href":"https:\/\/www.amisdesjardinsfamiliauxdesaverne.fr\/index.php?rest_route=\/wp\/v2\/types\/post"}],"author":[{"embeddable":true,"href":"https:\/\/www.amisdesjardinsfamiliauxdesaverne.fr\/index.php?rest_route=\/wp\/v2\/users\/6"}],"replies":[{"embeddable":true,"href":"https:\/\/www.amisdesjardinsfamiliauxdesaverne.fr\/index.php?rest_route=%2Fwp%2Fv2%2Fcomments&post=7568"}],"version-history":[{"count":1,"href":"https:\/\/www.amisdesjardinsfamiliauxdesaverne.fr\/index.php?rest_route=\/wp\/v2\/posts\/7568\/revisions"}],"predecessor-version":[{"id":7569,"href":"https:\/\/www.amisdesjardinsfamiliauxdesaverne.fr\/index.php?rest_route=\/wp\/v2\/posts\/7568\/revisions\/7569"}],"wp:attachment":[{"href":"https:\/\/www.amisdesjardinsfamiliauxdesaverne.fr\/index.php?rest_route=%2Fwp%2Fv2%2Fmedia&parent=7568"}],"wp:term":[{"taxonomy":"category","embeddable":true,"href":"https:\/\/www.amisdesjardinsfamiliauxdesaverne.fr\/index.php?rest_route=%2Fwp%2Fv2%2Fcategories&post=7568"},{"taxonomy":"post_tag","embeddable":true,"href":"https:\/\/www.amisdesjardinsfamiliauxdesaverne.fr\/index.php?rest_route=%2Fwp%2Fv2%2Ftags&post=7568"}],"curies":[{"name":"wp","href":"https:\/\/api.w.org\/{rel}","templated":true}]}}