{"id":8016,"date":"2022-08-03T14:04:13","date_gmt":"2022-08-03T13:04:13","guid":{"rendered":"https:\/\/www.amisdesjardinsfamiliauxdesaverne.fr\/?p=8016"},"modified":"2022-08-03T14:11:48","modified_gmt":"2022-08-03T13:11:48","slug":"prochaines-seances-de-travail-4","status":"publish","type":"post","link":"https:\/\/www.amisdesjardinsfamiliauxdesaverne.fr\/?p=8016","title":{"rendered":"Prochaines s\u00e9ances de travail &#8211; Ao\u00fbt 2022"},"content":{"rendered":"\n<p>Voici les dates retenues pour les prochaines s\u00e9ances de travail :<\/p>\n<ul>\n<li>Mercredi 10.08 &#8211; 08h30 \u00e0 11h30 &#8211; Resp. Antoine Osswald<\/li>\n<li>Mercredi 17.08 &#8211; 08h30 \u00e0 11h30 &#8211; Resp. Mich\u00e8le Litt<\/li>\n<li>Vendredi 26.08 &#8211; 08h30 \u00e0 11h30 &#8211; Resp. G\u00e9rard Runtz<\/li>\n<li>Samedi 03.09 &#8211; 08h30 \u00e0 11h30 &#8211; Resp. Sylvain Citerne.<\/li>\n<\/ul>\n<p>Venez nombreux. Merci pour votre collaboration.<\/p>\n","protected":false},"excerpt":{"rendered":"<p>Voici les dates retenues pour les prochaines s\u00e9ances de travail : Mercredi 10.08 &#8211; 08h30 \u00e0 11h30 &#8211; Resp. Antoine Osswald Mercredi 17.08 &#8211; 08h30 \u00e0 11h30 &#8211; Resp. Mich\u00e8le Litt Vendredi 26.08 &#8211; 08h30 \u00e0 11h30 &#8211; Resp. G\u00e9rard &hellip; <a href=\"https:\/\/www.amisdesjardinsfamiliauxdesaverne.fr\/?p=8016\">Continuer la lecture <span class=\"meta-nav\">&rarr;<\/span><\/a><\/p>\n","protected":false},"author":6,"featured_media":0,"comment_status":"closed","ping_status":"closed","sticky":false,"template":"","format":"standard","meta":{"footnotes":""},"categories":[1],"tags":[],"class_list":["post-8016","post","type-post","status-publish","format-standard","hentry","category-vie-associative"],"_links":{"self":[{"href":"https:\/\/www.amisdesjardinsfamiliauxdesaverne.fr\/index.php?rest_route=\/wp\/v2\/posts\/8016","targetHints":{"allow":["GET"]}}],"collection":[{"href":"https:\/\/www.amisdesjardinsfamiliauxdesaverne.fr\/index.php?rest_route=\/wp\/v2\/posts"}],"about":[{"href":"https:\/\/www.amisdesjardinsfamiliauxdesaverne.fr\/index.php?rest_route=\/wp\/v2\/types\/post"}],"author":[{"embeddable":true,"href":"https:\/\/www.amisdesjardinsfamiliauxdesaverne.fr\/index.php?rest_route=\/wp\/v2\/users\/6"}],"replies":[{"embeddable":true,"href":"https:\/\/www.amisdesjardinsfamiliauxdesaverne.fr\/index.php?rest_route=%2Fwp%2Fv2%2Fcomments&post=8016"}],"version-history":[{"count":3,"href":"https:\/\/www.amisdesjardinsfamiliauxdesaverne.fr\/index.php?rest_route=\/wp\/v2\/posts\/8016\/revisions"}],"predecessor-version":[{"id":8021,"href":"https:\/\/www.amisdesjardinsfamiliauxdesaverne.fr\/index.php?rest_route=\/wp\/v2\/posts\/8016\/revisions\/8021"}],"wp:attachment":[{"href":"https:\/\/www.amisdesjardinsfamiliauxdesaverne.fr\/index.php?rest_route=%2Fwp%2Fv2%2Fmedia&parent=8016"}],"wp:term":[{"taxonomy":"category","embeddable":true,"href":"https:\/\/www.amisdesjardinsfamiliauxdesaverne.fr\/index.php?rest_route=%2Fwp%2Fv2%2Fcategories&post=8016"},{"taxonomy":"post_tag","embeddable":true,"href":"https:\/\/www.amisdesjardinsfamiliauxdesaverne.fr\/index.php?rest_route=%2Fwp%2Fv2%2Ftags&post=8016"}],"curies":[{"name":"wp","href":"https:\/\/api.w.org\/{rel}","templated":true}]}}