{"id":8019,"date":"2022-08-03T14:11:16","date_gmt":"2022-08-03T13:11:16","guid":{"rendered":"https:\/\/www.amisdesjardinsfamiliauxdesaverne.fr\/?p=8019"},"modified":"2022-08-03T14:12:47","modified_gmt":"2022-08-03T13:12:47","slug":"journee-detente-aux-jardins-familiaux","status":"publish","type":"post","link":"https:\/\/www.amisdesjardinsfamiliauxdesaverne.fr\/?p=8019","title":{"rendered":"Journ\u00e9e d\u00e9tente aux jardins familiaux"},"content":{"rendered":"\n<p>Le dimanche 11 septembre 2022 a \u00e9t\u00e9 retenu pour organiser notre seconde journ\u00e9e d\u00e9tente de l&rsquo;ann\u00e9e (r\u00e9serv\u00e9e aux membres de l&rsquo;association et \u00e0 leur famille), \u00e0 partir de 11 heures, sur le site de jardins familiaux, c\u00f4t\u00e9 chalet.<\/p>\n<p>A l&rsquo;instar de celle du mois de juin, l&rsquo;ap\u00e9ritif sera offert par le comit\u00e9, chacun ramenant son repas qui pourra \u00eatre mis en commun (un barbecue sera \u00e0 votre disposition).<\/p>\n<p>Apr\u00e8s-midi r\u00e9cr\u00e9ative, avec p\u00e9tanque, sjoelbak, jeux de cartes etc&#8230;.<\/p>\n<p>Inscription aupr\u00e8s du pr\u00e9sident avant le 06 septembre 2022 \u00e0 18h00 par mail (&#98;&#x68;&#116;&#x64;&#97;&#x6e;&#105;&#x65;l&#x6c;e&#x2e;p&#x61;t&#114;&#x69;&#99;&#x6b;&#64;&#x67;&#109;&#x61;&#105;&#x6c;&#46;&#x63;o&#x6d;) ou par sms (06.38.84.73.36) en indiquant nom, pr\u00e9nom, n\u00b0 de parcelle et nombre de participants adultes et enfants.<\/p>\n<p>Venez nombreux.<\/p>\n\n\n","protected":false},"excerpt":{"rendered":"<p>Le dimanche 11 septembre 2022 a \u00e9t\u00e9 retenu pour organiser notre seconde journ\u00e9e d\u00e9tente de l&rsquo;ann\u00e9e (r\u00e9serv\u00e9e aux membres de l&rsquo;association et \u00e0 leur famille), \u00e0 partir de 11 heures, sur le site de jardins familiaux, c\u00f4t\u00e9 chalet. A l&rsquo;instar &hellip; <a href=\"https:\/\/www.amisdesjardinsfamiliauxdesaverne.fr\/?p=8019\">Continuer la lecture <span class=\"meta-nav\">&rarr;<\/span><\/a><\/p>\n","protected":false},"author":6,"featured_media":0,"comment_status":"closed","ping_status":"closed","sticky":false,"template":"","format":"standard","meta":{"footnotes":""},"categories":[1],"tags":[],"class_list":["post-8019","post","type-post","status-publish","format-standard","hentry","category-vie-associative"],"_links":{"self":[{"href":"https:\/\/www.amisdesjardinsfamiliauxdesaverne.fr\/index.php?rest_route=\/wp\/v2\/posts\/8019","targetHints":{"allow":["GET"]}}],"collection":[{"href":"https:\/\/www.amisdesjardinsfamiliauxdesaverne.fr\/index.php?rest_route=\/wp\/v2\/posts"}],"about":[{"href":"https:\/\/www.amisdesjardinsfamiliauxdesaverne.fr\/index.php?rest_route=\/wp\/v2\/types\/post"}],"author":[{"embeddable":true,"href":"https:\/\/www.amisdesjardinsfamiliauxdesaverne.fr\/index.php?rest_route=\/wp\/v2\/users\/6"}],"replies":[{"embeddable":true,"href":"https:\/\/www.amisdesjardinsfamiliauxdesaverne.fr\/index.php?rest_route=%2Fwp%2Fv2%2Fcomments&post=8019"}],"version-history":[{"count":2,"href":"https:\/\/www.amisdesjardinsfamiliauxdesaverne.fr\/index.php?rest_route=\/wp\/v2\/posts\/8019\/revisions"}],"predecessor-version":[{"id":8022,"href":"https:\/\/www.amisdesjardinsfamiliauxdesaverne.fr\/index.php?rest_route=\/wp\/v2\/posts\/8019\/revisions\/8022"}],"wp:attachment":[{"href":"https:\/\/www.amisdesjardinsfamiliauxdesaverne.fr\/index.php?rest_route=%2Fwp%2Fv2%2Fmedia&parent=8019"}],"wp:term":[{"taxonomy":"category","embeddable":true,"href":"https:\/\/www.amisdesjardinsfamiliauxdesaverne.fr\/index.php?rest_route=%2Fwp%2Fv2%2Fcategories&post=8019"},{"taxonomy":"post_tag","embeddable":true,"href":"https:\/\/www.amisdesjardinsfamiliauxdesaverne.fr\/index.php?rest_route=%2Fwp%2Fv2%2Ftags&post=8019"}],"curies":[{"name":"wp","href":"https:\/\/api.w.org\/{rel}","templated":true}]}}