{"id":8069,"date":"2022-12-05T16:17:34","date_gmt":"2022-12-05T15:17:34","guid":{"rendered":"https:\/\/www.amisdesjardinsfamiliauxdesaverne.fr\/?p=8069"},"modified":"2022-12-05T16:17:35","modified_gmt":"2022-12-05T15:17:35","slug":"reunion-du-comite-du-28-novembre-2022","status":"publish","type":"post","link":"https:\/\/www.amisdesjardinsfamiliauxdesaverne.fr\/?p=8069","title":{"rendered":"R\u00e9union du Comit\u00e9 du 28 novembre 2022"},"content":{"rendered":"\n\n\n<p align=\"CENTER\"><span style=\"font-family: Arial, sans-serif;\"><span style=\"font-size: large;\"><i><u><b>Compte-rendu de la r\u00e9union du comit\u00e9<\/b><\/u><\/i><\/span><\/span><\/p>\n<p align=\"CENTER\"><span style=\"font-family: Arial, sans-serif;\"><span style=\"font-size: large;\"><i><u><b>en date du 28 novembre 2022<\/b><\/u><\/i><\/span><\/span><\/p>\n<p align=\"JUSTIFY\"><span style=\"font-family: Arial, sans-serif;\"><span style=\"font-size: small;\"><u>Membres pr\u00e9sents<\/u>\u00a0: <b>TORRES Jean &#8211; BERNHARDT Patrick &#8211; LITT Mich\u00e8le &#8211; BERNHARDT Danielle \u2013 OSSWALD Antoine &#8211; RUNTZ G\u00e9rard \u2013 CITERNE Sylvain \u2013 HUBER Rapha\u00ebl \u2013 DUPRAT Jean-Fran\u00e7ois.<\/b><\/span><\/span><\/p>\n<p align=\"JUSTIFY\"><span style=\"font-family: Arial, sans-serif;\"><span style=\"font-size: small;\"><u>Membres absents excus\u00e9s<\/u>\u00a0: <b>MORTZ Jean-Paul<\/b><\/span><\/span><\/p>\n<p align=\"JUSTIFY\"><span style=\"font-family: Arial, sans-serif;\"><span style=\"font-size: small;\"><u>Membre absent non excus\u00e9<\/u>\u00a0: <b>\/\/<\/b><\/span><\/span><\/p>\n<p align=\"JUSTIFY\"><span style=\"font-family: Arial, sans-serif;\"><span style=\"font-size: medium;\">&#8211; <i><u><b>Modification du R\u00e8glement Int\u00e9rieur <\/b><\/u><\/i>\u00a0:<\/span><\/span><\/p>\n<p align=\"JUSTIFY\"><span style=\"font-family: Arial, sans-serif; font-size: small;\">&#8211; Le comit\u00e9 a d\u00e9cid\u00e9 de modifier certains articles du R\u00e8glement Int\u00e9rieur des Jardins Familiaux. <\/span><\/p>\n<p align=\"JUSTIFY\"><span style=\"font-family: Arial, sans-serif;\"><span style=\"font-size: small;\">&#8211; Sont notamment concern\u00e9s\u00a0:<\/span><\/span><\/p>\n<ul>\n<li style=\"list-style-type: none;\">\n<ul>\n<li>\n<p align=\"JUSTIFY\"><span style=\"font-family: Arial, sans-serif;\"><span style=\"font-size: small;\">L&rsquo;article 2 (dur\u00e9e et d\u00e9nonciation des concessions) avec la cr\u00e9ation d&rsquo;une p\u00e9riode probatoire pour tout nouveau jardinier.<\/span><\/span><\/p>\n<\/li>\n<li>\n<p align=\"JUSTIFY\"><span style=\"font-family: Arial, sans-serif;\"><span style=\"font-size: small;\">L&rsquo;article 6 (cong\u00e9 \u2013 radiation) avec l&rsquo;introduction d&rsquo;un paragraphe suppl\u00e9mentaire concernant le d\u00e9faut d&rsquo;entretien des parcelles et une proc\u00e9dure all\u00e9g\u00e9e pour les jardiniers devant faire l&rsquo;objet d&rsquo;une exclusion, mais ne r\u00e9pondant \u00e0 aucune convocation ou autre courrier.<\/span><\/span><\/p>\n<\/li>\n<li>\n<p align=\"JUSTIFY\"><span style=\"font-family: Arial, sans-serif;\"><span style=\"font-size: small;\">L&rsquo;article 7 (changement d&rsquo;adresse) imposant aux jardiniers de communiquer tout changement d&rsquo;adresse, postale mais \u00e9galement \u00e9lectronique et t\u00e9l\u00e9phonique.<\/span><\/span><\/p>\n<\/li>\n<li>\n<p align=\"JUSTIFY\"><span style=\"font-family: Arial, sans-serif;\"><span style=\"font-size: small;\">L&rsquo;article 11 (disposition diverses) relatif \u00e0 toute construction, notamment celle de pergolas, n\u00e9cessitant obligatoirement l&rsquo;approbation du comit\u00e9, le respect de certaines r\u00e8gles et l&rsquo;interdiction de b\u00e2ches.<\/span><\/span><\/p>\n<\/li>\n<li>\n<p align=\"JUSTIFY\"><span style=\"font-family: Arial, sans-serif;\"><span style=\"font-size: small;\">L&rsquo;article 12 (entretien du patrimoine de l&rsquo;association), paragraphe 2\u00b0 (eau). Tout remplacement de compteur d&rsquo;eau individuel sera dor\u00e9navant factur\u00e9 au jardinier \u00e0 raison de 80 \u20ac.<\/span><\/span><\/p>\n<\/li>\n<\/ul>\n<\/li>\n<\/ul>\n<p align=\"JUSTIFY\"><span style=\"font-family: Arial, sans-serif;\"><span style=\"font-size: small;\">&#8211; Les jardiniers seront invit\u00e9s \u00e0 prendre connaissance de ces modifications par courriel et \u00e0 en accuser r\u00e9ception.<\/span><\/span><\/p>\n<p align=\"JUSTIFY\"><span style=\"font-family: Arial, sans-serif;\"><span style=\"font-size: small;\">&#8211; <span style=\"font-size: medium;\"><i><u><b>Organisation d&rsquo;une apr\u00e8s-midi d\u00e9tente \u2013 Maennele et vin chaud <\/b><\/u><\/i><\/span>:<\/span><\/span><\/p>\n<p align=\"JUSTIFY\"><span style=\"font-family: Arial, sans-serif;\"><span style=\"font-size: small;\">&#8211; La date initialement pr\u00e9vue pour l&rsquo;organisation d&rsquo;une apr\u00e8s-midi maennele \u2013 vin et chocolat chaud est confirm\u00e9e pour le samedi 10 d\u00e9cembre 2022, \u00e0 compter de 15h00 &#8211; 15h30. <\/span><\/span><\/p>\n<p align=\"JUSTIFY\"><span style=\"font-family: Arial, sans-serif;\"><span style=\"font-size: small;\">&#8211; Les jardiniers seront invit\u00e9s par courriel \u00e0 s&rsquo;inscrire aupr\u00e8s du Pr\u00e9sident avant le Lundi 5 d\u00e9cembre 2022.<\/span><\/span><\/p>\n<p align=\"JUSTIFY\"><span style=\"font-family: Arial, sans-serif;\"><span style=\"font-size: medium;\">&#8211; <i><u><b>S\u00e9ances de travail<\/b><\/u><\/i>\u00a0:<\/span><\/span><\/p>\n<p align=\"JUSTIFY\"><span style=\"font-family: Arial, sans-serif;\"><span style=\"font-size: small;\">&#8211; Dans l&rsquo;imm\u00e9diat, il n&rsquo;y plus aucune s\u00e9ance de travail en pr\u00e9vision.<\/span><\/span><\/p>\n<p align=\"JUSTIFY\"><span style=\"font-family: Arial, sans-serif;\"><span style=\"font-size: medium;\">&#8211; <i><u><b>Points divers<\/b><\/u><\/i>\u00a0:<\/span><\/span><\/p>\n<p align=\"JUSTIFY\"><span style=\"font-family: Arial, sans-serif;\"><span style=\"font-size: small;\">&#8211; <u><b>Parcelles libres<\/b><\/u> : A l&rsquo;heure actuelle, seule la parcelle 70 (ex-Lebasch) est disponible. Sont en cours de restitution les parcelles 67 (ex-Klein Jean-Michel) et 23 (Litt Mich\u00e8le).<\/span><\/span><\/p>\n<p align=\"JUSTIFY\"><span style=\"font-family: Arial, sans-serif;\"><span style=\"font-size: small;\">&#8211; <u><b>Assembl\u00e9e g\u00e9n\u00e9rale<\/b><\/u>\u00a0: La date retenue pour l&rsquo;assembl\u00e9e g\u00e9n\u00e9rale est le vendredi 24 mars 2023. Les convocations seront envoy\u00e9s individuellement en temps et en heure.<\/span><\/span><\/p>\n<p align=\"JUSTIFY\"><span style=\"font-family: Arial, sans-serif;\"><span style=\"font-size: small;\"> BERNHARDT Patrick<\/span><\/span><\/p>\n<p align=\"JUSTIFY\"><span style=\"font-family: Arial, sans-serif;\"><span style=\"font-size: small;\"> Pr\u00e9sident de l&rsquo;AAJFS.<\/span><\/span><\/p>\n","protected":false},"excerpt":{"rendered":"<p>Compte-rendu de la r\u00e9union du comit\u00e9 en date du 28 novembre 2022 Membres pr\u00e9sents\u00a0: TORRES Jean &#8211; BERNHARDT Patrick &#8211; LITT Mich\u00e8le &#8211; BERNHARDT Danielle \u2013 OSSWALD Antoine &#8211; RUNTZ G\u00e9rard \u2013 CITERNE Sylvain \u2013 HUBER Rapha\u00ebl \u2013 DUPRAT Jean-Fran\u00e7ois. &hellip; <a href=\"https:\/\/www.amisdesjardinsfamiliauxdesaverne.fr\/?p=8069\">Continuer la lecture <span class=\"meta-nav\">&rarr;<\/span><\/a><\/p>\n","protected":false},"author":6,"featured_media":0,"comment_status":"closed","ping_status":"closed","sticky":false,"template":"","format":"standard","meta":{"footnotes":""},"categories":[1],"tags":[],"class_list":["post-8069","post","type-post","status-publish","format-standard","hentry","category-vie-associative"],"_links":{"self":[{"href":"https:\/\/www.amisdesjardinsfamiliauxdesaverne.fr\/index.php?rest_route=\/wp\/v2\/posts\/8069","targetHints":{"allow":["GET"]}}],"collection":[{"href":"https:\/\/www.amisdesjardinsfamiliauxdesaverne.fr\/index.php?rest_route=\/wp\/v2\/posts"}],"about":[{"href":"https:\/\/www.amisdesjardinsfamiliauxdesaverne.fr\/index.php?rest_route=\/wp\/v2\/types\/post"}],"author":[{"embeddable":true,"href":"https:\/\/www.amisdesjardinsfamiliauxdesaverne.fr\/index.php?rest_route=\/wp\/v2\/users\/6"}],"replies":[{"embeddable":true,"href":"https:\/\/www.amisdesjardinsfamiliauxdesaverne.fr\/index.php?rest_route=%2Fwp%2Fv2%2Fcomments&post=8069"}],"version-history":[{"count":1,"href":"https:\/\/www.amisdesjardinsfamiliauxdesaverne.fr\/index.php?rest_route=\/wp\/v2\/posts\/8069\/revisions"}],"predecessor-version":[{"id":8070,"href":"https:\/\/www.amisdesjardinsfamiliauxdesaverne.fr\/index.php?rest_route=\/wp\/v2\/posts\/8069\/revisions\/8070"}],"wp:attachment":[{"href":"https:\/\/www.amisdesjardinsfamiliauxdesaverne.fr\/index.php?rest_route=%2Fwp%2Fv2%2Fmedia&parent=8069"}],"wp:term":[{"taxonomy":"category","embeddable":true,"href":"https:\/\/www.amisdesjardinsfamiliauxdesaverne.fr\/index.php?rest_route=%2Fwp%2Fv2%2Fcategories&post=8069"},{"taxonomy":"post_tag","embeddable":true,"href":"https:\/\/www.amisdesjardinsfamiliauxdesaverne.fr\/index.php?rest_route=%2Fwp%2Fv2%2Ftags&post=8069"}],"curies":[{"name":"wp","href":"https:\/\/api.w.org\/{rel}","templated":true}]}}