{"id":807,"date":"2016-03-31T10:08:57","date_gmt":"2016-03-31T09:08:57","guid":{"rendered":"http:\/\/www.amisdesjardinsfamiliauxdesaverne.fr\/?p=807"},"modified":"2016-03-31T10:08:57","modified_gmt":"2016-03-31T09:08:57","slug":"petites-annonces","status":"publish","type":"post","link":"https:\/\/www.amisdesjardinsfamiliauxdesaverne.fr\/?p=807","title":{"rendered":"Petites annonces"},"content":{"rendered":"<p>Notre site s&rsquo;enrichit. Une nouvelle rubrique est \u00e0 votre disposition. Vous cherchez ou vous vendez du mat\u00e9riel de jardinage, vous souhaitez \u00e9changer des plants ou des graines, etc&#8230; consultez la rubrique \u00ab\u00a0petites annonces\u00a0\u00bb.<\/p>\n<p>Une page sera consacr\u00e9e aux achats, une page sera consacr\u00e9e \u00e0 la vente et enfin une page sera consacr\u00e9e aux \u00e9changes.<\/p>\n<p>Si vous souhaitez d\u00e9poser une annonce, merci de m&rsquo;envoyer le texte accompagn\u00e9 d&rsquo;une photo \u00e9ventuellement et vos coordonn\u00e9es (n\u00b0 de parcelle et\/ou n\u00b0 t\u00e9l\u00e9phone et\/ou adresse courriel).<\/p>\n","protected":false},"excerpt":{"rendered":"<p>Notre site s&rsquo;enrichit. Une nouvelle rubrique est \u00e0 votre disposition. Vous cherchez ou vous vendez du mat\u00e9riel de jardinage, vous souhaitez \u00e9changer des plants ou des graines, etc&#8230; consultez la rubrique \u00ab\u00a0petites annonces\u00a0\u00bb. Une page sera consacr\u00e9e aux achats, une &hellip; <a href=\"https:\/\/www.amisdesjardinsfamiliauxdesaverne.fr\/?p=807\">Continuer la lecture <span class=\"meta-nav\">&rarr;<\/span><\/a><\/p>\n","protected":false},"author":1,"featured_media":0,"comment_status":"closed","ping_status":"closed","sticky":false,"template":"","format":"standard","meta":{"footnotes":""},"categories":[1],"tags":[],"class_list":["post-807","post","type-post","status-publish","format-standard","hentry","category-vie-associative"],"_links":{"self":[{"href":"https:\/\/www.amisdesjardinsfamiliauxdesaverne.fr\/index.php?rest_route=\/wp\/v2\/posts\/807","targetHints":{"allow":["GET"]}}],"collection":[{"href":"https:\/\/www.amisdesjardinsfamiliauxdesaverne.fr\/index.php?rest_route=\/wp\/v2\/posts"}],"about":[{"href":"https:\/\/www.amisdesjardinsfamiliauxdesaverne.fr\/index.php?rest_route=\/wp\/v2\/types\/post"}],"author":[{"embeddable":true,"href":"https:\/\/www.amisdesjardinsfamiliauxdesaverne.fr\/index.php?rest_route=\/wp\/v2\/users\/1"}],"replies":[{"embeddable":true,"href":"https:\/\/www.amisdesjardinsfamiliauxdesaverne.fr\/index.php?rest_route=%2Fwp%2Fv2%2Fcomments&post=807"}],"version-history":[{"count":1,"href":"https:\/\/www.amisdesjardinsfamiliauxdesaverne.fr\/index.php?rest_route=\/wp\/v2\/posts\/807\/revisions"}],"predecessor-version":[{"id":808,"href":"https:\/\/www.amisdesjardinsfamiliauxdesaverne.fr\/index.php?rest_route=\/wp\/v2\/posts\/807\/revisions\/808"}],"wp:attachment":[{"href":"https:\/\/www.amisdesjardinsfamiliauxdesaverne.fr\/index.php?rest_route=%2Fwp%2Fv2%2Fmedia&parent=807"}],"wp:term":[{"taxonomy":"category","embeddable":true,"href":"https:\/\/www.amisdesjardinsfamiliauxdesaverne.fr\/index.php?rest_route=%2Fwp%2Fv2%2Fcategories&post=807"},{"taxonomy":"post_tag","embeddable":true,"href":"https:\/\/www.amisdesjardinsfamiliauxdesaverne.fr\/index.php?rest_route=%2Fwp%2Fv2%2Ftags&post=807"}],"curies":[{"name":"wp","href":"https:\/\/api.w.org\/{rel}","templated":true}]}}