{"id":81118,"date":"2026-06-13T19:00:40","date_gmt":"2026-06-13T19:00:40","guid":{"rendered":""},"modified":"-0001-11-30T00:00:00","modified_gmt":"-0001-11-29T23:00:00","slug":"comment-equilibrer-le-cyclisme-et-une-vie-professionnelle","status":"publish","type":"post","link":"https:\/\/www.amisdesjardinsfamiliauxdesaverne.fr\/?p=81118","title":{"rendered":"Comment \u00e9quilibrer le cyclisme et une vie professionnelle ?"},"content":{"rendered":"<h2>Le dilemme quotidien<\/h2>\n<p>Le v\u00e9lo vous crie d\u00e8s le lever, le bureau vous hurle d\u00e8s le r\u00e9veil. Deux mondes qui se cognent comme des claquettes sur le bitume. Vous avez l\u2019impression de courir apr\u00e8s le temps, alors que le chrono tourne d\u00e9j\u00e0 \u00e0 votre avantage.<\/p>\n<h2>Planifier comme un pro<\/h2>\n<p>Voici le deal : chaque semaine, bloquez 3 cr\u00e9neaux de 90 minutes, rien d\u2019autre. Pas de discussion, pas de \u00ab\u00a0je le ferai demain\u00a0\u00bb. Utilisez un agenda couleur, le rouge pour le travail, le vert pour le v\u00e9lo. Visualisez l\u2019\u00e9quilibre, il devient r\u00e9alit\u00e9.<\/p>\n<h2>Le transport, un alli\u00e9 sous\u2011exploit\u00e9<\/h2>\n<p>Quand la m\u00e9t\u00e9o le permet, troquez la voiture contre le deux\u2011roues. Un trajet de 30 minutes devient \u00e9chauffement gratuit. Et voil\u00e0, vous ajoutez 2\u202f000\u202fkcal sans m\u00eame transpirer sur le tapis. Le bureau se trouve \u00e0 la m\u00eame adresse que la piste cyclable, si vous savez o\u00f9 regarder.<\/p>\n<h2>Optimiser les pauses<\/h2>\n<p>Pause caf\u00e9\u00a0? Pas une pause, un sprint de 5 minutes. Enfilez le maillot, faites un sprint d\u2019allure moyenne dans le couloir, r\u00e9cup\u00e9rez le c\u0153ur qui s\u2019emballe. Le cerveau se r\u00e9initialise, les id\u00e9es fusent. Et le coll\u00e8gue qui regarde votre performance ne pourra que vous envier.<\/p>\n<h2>S\u00e9lectionner les courses intelligemment<\/h2>\n<p>Choisir les sorties qui comptent, c\u2019est du strat\u00e9gique. Une comp\u00e9tition locale le weekend suivant, un entra\u00eenement longue distance le mois prochain. Ne dissipez pas votre \u00e9nergie sur chaque dimanche, focalisez\u2011vous sur les \u00e9v\u00e9nements qui boostent votre CV sportif.<\/p>\n<h2>Des outils qui simplifient<\/h2>\n<p>Une application de suivi qui synchronise votre agenda et votre training plan, c\u2019est comme un coach qui vous chuchote \u00ab\u00a0c\u2019est le moment\u00a0\u00bb. Une simple notification vous rappelle de chausser vos crampons avant la r\u00e9union, et vous \u00e9vitez le fou\u2011rire de derni\u00e8re minute.<\/p>\n<h2>Culture d\u2019entreprise qui p\u00e9dale<\/h2>\n<p>Si votre bo\u00eete propose des programmes bien\u2011\u00eatre, int\u00e9grez\u2011vous. Un \u00ab\u00a0Bike to Work\u00a0\u00bb ou une journ\u00e9e \u00ab\u00a0Cycling Club\u00a0\u00bb transforme votre passion en atout professionnel. Le patron voit un employ\u00e9 engag\u00e9, pas un escapadeur nocturne.<\/p>\n<h2>R\u00e9cup\u00e9ration, le nerf de la guerre<\/h2>\n<p>Le sommeil n\u2019est pas une option, c\u2019est une exigence. 7 \u00e0 8 heures, pas 6, sinon le corps vous rappelle brutalement que vous avez trop repouss\u00e9 les limites. \u00c9tirements rapides, rouleau \u00e0 mousse, nutrition adapt\u00e9e, tout s\u2019assemble comme les maillons d\u2019une cha\u00eene solide.<\/p>\n<h2>Une derni\u00e8re piq\u00fbre de rappel<\/h2>\n<p>En bref, cr\u00e9ez votre tableau d\u2019\u00e9quilibre, respectez\u2011le, exploitez chaque d\u00e9placement, et ne n\u00e9gligez jamais la r\u00e9cup\u00e9ration. Et aujourd\u2019hui, ouvrez <a href=\"https:\/\/cyclismefrancetips.com\">cyclismefrancetips.com<\/a> pour planifier votre premi\u00e8re sortie avant la prochaine r\u00e9union.<\/p>\n","protected":false},"excerpt":{"rendered":"<p>Le dilemme quotidien Le v\u00e9lo vous crie d\u00e8s le lever, le bureau vous hurle d\u00e8s le r\u00e9veil. Deux mondes qui se cognent comme des claquettes sur le bitume. Vous avez l\u2019impression de courir apr\u00e8s le temps, alors que le chrono &hellip; <a href=\"https:\/\/www.amisdesjardinsfamiliauxdesaverne.fr\/?p=81118\">Continuer la lecture <span class=\"meta-nav\">&rarr;<\/span><\/a><\/p>\n","protected":false},"author":35,"featured_media":0,"comment_status":"closed","ping_status":"closed","sticky":false,"template":"","format":"standard","meta":{"footnotes":""},"categories":[],"tags":[],"class_list":["post-81118","post","type-post","status-publish","format-standard","hentry"],"_links":{"self":[{"href":"https:\/\/www.amisdesjardinsfamiliauxdesaverne.fr\/index.php?rest_route=\/wp\/v2\/posts\/81118","targetHints":{"allow":["GET"]}}],"collection":[{"href":"https:\/\/www.amisdesjardinsfamiliauxdesaverne.fr\/index.php?rest_route=\/wp\/v2\/posts"}],"about":[{"href":"https:\/\/www.amisdesjardinsfamiliauxdesaverne.fr\/index.php?rest_route=\/wp\/v2\/types\/post"}],"author":[{"embeddable":true,"href":"https:\/\/www.amisdesjardinsfamiliauxdesaverne.fr\/index.php?rest_route=\/wp\/v2\/users\/35"}],"replies":[{"embeddable":true,"href":"https:\/\/www.amisdesjardinsfamiliauxdesaverne.fr\/index.php?rest_route=%2Fwp%2Fv2%2Fcomments&post=81118"}],"version-history":[{"count":0,"href":"https:\/\/www.amisdesjardinsfamiliauxdesaverne.fr\/index.php?rest_route=\/wp\/v2\/posts\/81118\/revisions"}],"wp:attachment":[{"href":"https:\/\/www.amisdesjardinsfamiliauxdesaverne.fr\/index.php?rest_route=%2Fwp%2Fv2%2Fmedia&parent=81118"}],"wp:term":[{"taxonomy":"category","embeddable":true,"href":"https:\/\/www.amisdesjardinsfamiliauxdesaverne.fr\/index.php?rest_route=%2Fwp%2Fv2%2Fcategories&post=81118"},{"taxonomy":"post_tag","embeddable":true,"href":"https:\/\/www.amisdesjardinsfamiliauxdesaverne.fr\/index.php?rest_route=%2Fwp%2Fv2%2Ftags&post=81118"}],"curies":[{"name":"wp","href":"https:\/\/api.w.org\/{rel}","templated":true}]}}