{"id":830,"date":"2016-04-15T12:21:45","date_gmt":"2016-04-15T11:21:45","guid":{"rendered":"http:\/\/www.amisdesjardinsfamiliauxdesaverne.fr\/?p=830"},"modified":"2016-04-15T12:29:16","modified_gmt":"2016-04-15T11:29:16","slug":"les-jardins-pretexte-a-la-rencontre","status":"publish","type":"post","link":"https:\/\/www.amisdesjardinsfamiliauxdesaverne.fr\/?p=830","title":{"rendered":"Les jardins pr\u00e9texte \u00e0 la rencontre"},"content":{"rendered":"<p>Jean Fran\u00e7ois a particip\u00e9 \u00e0 l&rsquo;exposition et \u00e0 la table ronde \u00ab\u00a0les jardins d&rsquo;ici et d&rsquo;ailleurs\u00a0\u00bb organis\u00e9e par l&rsquo;association Air et Vie.<\/p>\n<p>Pour acc\u00e9der \u00e0 l&rsquo;article de presse des DNA; cliquez ici\u00a0<a href=\"https:\/\/www.amisdesjardinsfamiliauxdesaverne.fr\/wp-content\/uploads\/2016\/04\/DNA-du-12.04.16-JF-DUPRAT-\u00e0-AirVie.pdf\" rel=\"\">DNA <\/a><\/p>\n","protected":false},"excerpt":{"rendered":"<p>Jean Fran\u00e7ois a particip\u00e9 \u00e0 l&rsquo;exposition et \u00e0 la table ronde \u00ab\u00a0les jardins d&rsquo;ici et d&rsquo;ailleurs\u00a0\u00bb organis\u00e9e par l&rsquo;association Air et Vie. Pour acc\u00e9der \u00e0 l&rsquo;article de presse des DNA; cliquez ici\u00a0DNA<\/p>\n","protected":false},"author":1,"featured_media":0,"comment_status":"open","ping_status":"closed","sticky":false,"template":"","format":"standard","meta":{"footnotes":""},"categories":[1],"tags":[],"class_list":["post-830","post","type-post","status-publish","format-standard","hentry","category-vie-associative"],"_links":{"self":[{"href":"https:\/\/www.amisdesjardinsfamiliauxdesaverne.fr\/index.php?rest_route=\/wp\/v2\/posts\/830","targetHints":{"allow":["GET"]}}],"collection":[{"href":"https:\/\/www.amisdesjardinsfamiliauxdesaverne.fr\/index.php?rest_route=\/wp\/v2\/posts"}],"about":[{"href":"https:\/\/www.amisdesjardinsfamiliauxdesaverne.fr\/index.php?rest_route=\/wp\/v2\/types\/post"}],"author":[{"embeddable":true,"href":"https:\/\/www.amisdesjardinsfamiliauxdesaverne.fr\/index.php?rest_route=\/wp\/v2\/users\/1"}],"replies":[{"embeddable":true,"href":"https:\/\/www.amisdesjardinsfamiliauxdesaverne.fr\/index.php?rest_route=%2Fwp%2Fv2%2Fcomments&post=830"}],"version-history":[{"count":3,"href":"https:\/\/www.amisdesjardinsfamiliauxdesaverne.fr\/index.php?rest_route=\/wp\/v2\/posts\/830\/revisions"}],"predecessor-version":[{"id":833,"href":"https:\/\/www.amisdesjardinsfamiliauxdesaverne.fr\/index.php?rest_route=\/wp\/v2\/posts\/830\/revisions\/833"}],"wp:attachment":[{"href":"https:\/\/www.amisdesjardinsfamiliauxdesaverne.fr\/index.php?rest_route=%2Fwp%2Fv2%2Fmedia&parent=830"}],"wp:term":[{"taxonomy":"category","embeddable":true,"href":"https:\/\/www.amisdesjardinsfamiliauxdesaverne.fr\/index.php?rest_route=%2Fwp%2Fv2%2Fcategories&post=830"},{"taxonomy":"post_tag","embeddable":true,"href":"https:\/\/www.amisdesjardinsfamiliauxdesaverne.fr\/index.php?rest_route=%2Fwp%2Fv2%2Ftags&post=830"}],"curies":[{"name":"wp","href":"https:\/\/api.w.org\/{rel}","templated":true}]}}