{"id":843,"date":"2016-05-05T07:32:00","date_gmt":"2016-05-05T06:32:00","guid":{"rendered":"http:\/\/www.amisdesjardinsfamiliauxdesaverne.fr\/?p=843"},"modified":"2016-05-05T07:32:32","modified_gmt":"2016-05-05T06:32:32","slug":"prochaine-seance-de-travail-collectif","status":"publish","type":"post","link":"https:\/\/www.amisdesjardinsfamiliauxdesaverne.fr\/?p=843","title":{"rendered":"Prochaine s\u00e9ance de travail collectif"},"content":{"rendered":"<p>Amis jardiniers,<\/p>\n<p>Afin d&rsquo;entretenir notre site, nous avons besoin de vous tous.<\/p>\n<p>La prochaine s\u00e9ance de travail collectif se d\u00e9roulera sous la responsabilit\u00e9 d&rsquo;Olivier et de Bernard H.<\/p>\n<p><strong>Samedi 7 mai de 14h00 \u00e0 17h00<\/strong><\/p>\n<p>Au programme: nettoyage des all\u00e9es des deux c\u00f4t\u00e9s du site.<\/p>\n<p>Rendez-vous au chalet de l&rsquo;association \u00e0 14h00<\/p>\n","protected":false},"excerpt":{"rendered":"<p>Amis jardiniers, Afin d&rsquo;entretenir notre site, nous avons besoin de vous tous. La prochaine s\u00e9ance de travail collectif se d\u00e9roulera sous la responsabilit\u00e9 d&rsquo;Olivier et de Bernard H. Samedi 7 mai de 14h00 \u00e0 17h00 Au programme: nettoyage des all\u00e9es &hellip; <a href=\"https:\/\/www.amisdesjardinsfamiliauxdesaverne.fr\/?p=843\">Continuer la lecture <span class=\"meta-nav\">&rarr;<\/span><\/a><\/p>\n","protected":false},"author":1,"featured_media":0,"comment_status":"open","ping_status":"closed","sticky":false,"template":"","format":"standard","meta":{"footnotes":""},"categories":[1],"tags":[],"class_list":["post-843","post","type-post","status-publish","format-standard","hentry","category-vie-associative"],"_links":{"self":[{"href":"https:\/\/www.amisdesjardinsfamiliauxdesaverne.fr\/index.php?rest_route=\/wp\/v2\/posts\/843","targetHints":{"allow":["GET"]}}],"collection":[{"href":"https:\/\/www.amisdesjardinsfamiliauxdesaverne.fr\/index.php?rest_route=\/wp\/v2\/posts"}],"about":[{"href":"https:\/\/www.amisdesjardinsfamiliauxdesaverne.fr\/index.php?rest_route=\/wp\/v2\/types\/post"}],"author":[{"embeddable":true,"href":"https:\/\/www.amisdesjardinsfamiliauxdesaverne.fr\/index.php?rest_route=\/wp\/v2\/users\/1"}],"replies":[{"embeddable":true,"href":"https:\/\/www.amisdesjardinsfamiliauxdesaverne.fr\/index.php?rest_route=%2Fwp%2Fv2%2Fcomments&post=843"}],"version-history":[{"count":1,"href":"https:\/\/www.amisdesjardinsfamiliauxdesaverne.fr\/index.php?rest_route=\/wp\/v2\/posts\/843\/revisions"}],"predecessor-version":[{"id":844,"href":"https:\/\/www.amisdesjardinsfamiliauxdesaverne.fr\/index.php?rest_route=\/wp\/v2\/posts\/843\/revisions\/844"}],"wp:attachment":[{"href":"https:\/\/www.amisdesjardinsfamiliauxdesaverne.fr\/index.php?rest_route=%2Fwp%2Fv2%2Fmedia&parent=843"}],"wp:term":[{"taxonomy":"category","embeddable":true,"href":"https:\/\/www.amisdesjardinsfamiliauxdesaverne.fr\/index.php?rest_route=%2Fwp%2Fv2%2Fcategories&post=843"},{"taxonomy":"post_tag","embeddable":true,"href":"https:\/\/www.amisdesjardinsfamiliauxdesaverne.fr\/index.php?rest_route=%2Fwp%2Fv2%2Ftags&post=843"}],"curies":[{"name":"wp","href":"https:\/\/api.w.org\/{rel}","templated":true}]}}