{"id":849,"date":"2016-05-14T16:52:57","date_gmt":"2016-05-14T15:52:57","guid":{"rendered":"http:\/\/www.amisdesjardinsfamiliauxdesaverne.fr\/?p=849"},"modified":"2016-05-14T16:53:25","modified_gmt":"2016-05-14T15:53:25","slug":"journee-decouverte-des-jardins-familiaux-de-saverne","status":"publish","type":"post","link":"https:\/\/www.amisdesjardinsfamiliauxdesaverne.fr\/?p=849","title":{"rendered":"Journ\u00e9e d\u00e9couverte des jardins familiaux de Saverne"},"content":{"rendered":"<p>Venez nous retrouver sur notre site rue du Kochersberg \u00e0 Saverne pour d\u00e9couvrir les jardins familiaux<\/p>\n<p style=\"text-align: center;\"><strong>Dimanche 22 mai \u00e0 partir de 10h00<\/strong><\/p>\n<ul>\n<li>Troc plantes<\/li>\n<li>Expo conf\u00e9rences<\/li>\n<li>Petite restauration<\/li>\n<\/ul>\n","protected":false},"excerpt":{"rendered":"<p>Venez nous retrouver sur notre site rue du Kochersberg \u00e0 Saverne pour d\u00e9couvrir les jardins familiaux Dimanche 22 mai \u00e0 partir de 10h00 Troc plantes Expo conf\u00e9rences Petite restauration<\/p>\n","protected":false},"author":1,"featured_media":0,"comment_status":"open","ping_status":"closed","sticky":false,"template":"","format":"standard","meta":{"footnotes":""},"categories":[1],"tags":[],"class_list":["post-849","post","type-post","status-publish","format-standard","hentry","category-vie-associative"],"_links":{"self":[{"href":"https:\/\/www.amisdesjardinsfamiliauxdesaverne.fr\/index.php?rest_route=\/wp\/v2\/posts\/849","targetHints":{"allow":["GET"]}}],"collection":[{"href":"https:\/\/www.amisdesjardinsfamiliauxdesaverne.fr\/index.php?rest_route=\/wp\/v2\/posts"}],"about":[{"href":"https:\/\/www.amisdesjardinsfamiliauxdesaverne.fr\/index.php?rest_route=\/wp\/v2\/types\/post"}],"author":[{"embeddable":true,"href":"https:\/\/www.amisdesjardinsfamiliauxdesaverne.fr\/index.php?rest_route=\/wp\/v2\/users\/1"}],"replies":[{"embeddable":true,"href":"https:\/\/www.amisdesjardinsfamiliauxdesaverne.fr\/index.php?rest_route=%2Fwp%2Fv2%2Fcomments&post=849"}],"version-history":[{"count":1,"href":"https:\/\/www.amisdesjardinsfamiliauxdesaverne.fr\/index.php?rest_route=\/wp\/v2\/posts\/849\/revisions"}],"predecessor-version":[{"id":850,"href":"https:\/\/www.amisdesjardinsfamiliauxdesaverne.fr\/index.php?rest_route=\/wp\/v2\/posts\/849\/revisions\/850"}],"wp:attachment":[{"href":"https:\/\/www.amisdesjardinsfamiliauxdesaverne.fr\/index.php?rest_route=%2Fwp%2Fv2%2Fmedia&parent=849"}],"wp:term":[{"taxonomy":"category","embeddable":true,"href":"https:\/\/www.amisdesjardinsfamiliauxdesaverne.fr\/index.php?rest_route=%2Fwp%2Fv2%2Fcategories&post=849"},{"taxonomy":"post_tag","embeddable":true,"href":"https:\/\/www.amisdesjardinsfamiliauxdesaverne.fr\/index.php?rest_route=%2Fwp%2Fv2%2Ftags&post=849"}],"curies":[{"name":"wp","href":"https:\/\/api.w.org\/{rel}","templated":true}]}}