{"id":882,"date":"2016-06-22T12:56:04","date_gmt":"2016-06-22T11:56:04","guid":{"rendered":"http:\/\/www.amisdesjardinsfamiliauxdesaverne.fr\/?p=882"},"modified":"2016-06-22T12:57:56","modified_gmt":"2016-06-22T11:57:56","slug":"seance-de-travail-collectif-2","status":"publish","type":"post","link":"https:\/\/www.amisdesjardinsfamiliauxdesaverne.fr\/?p=882","title":{"rendered":"S\u00e9ance de travail collectif"},"content":{"rendered":"<p>Venez nous rejoindre pour la prochaine s\u00e9ance de travail<\/p>\n<p><strong>samedi 25 juin de 8h30 \u00e0 11h30<\/strong><\/p>\n<p>Au programme : entretien et nettoyage du site pour pr\u00e9parer l&rsquo;accueil de nos amis jardiniers de Donaueschingen.<\/p>\n<p>Responsable: Jean Fran\u00e7ois<\/p>\n<p>Rendez-vous au chalet pour la r\u00e9partition des t\u00e2ches.<\/p>\n<p>Nous comptons sur vous.<\/p>\n","protected":false},"excerpt":{"rendered":"<p>Venez nous rejoindre pour la prochaine s\u00e9ance de travail samedi 25 juin de 8h30 \u00e0 11h30 Au programme : entretien et nettoyage du site pour pr\u00e9parer l&rsquo;accueil de nos amis jardiniers de Donaueschingen. Responsable: Jean Fran\u00e7ois Rendez-vous au chalet pour &hellip; <a href=\"https:\/\/www.amisdesjardinsfamiliauxdesaverne.fr\/?p=882\">Continuer la lecture <span class=\"meta-nav\">&rarr;<\/span><\/a><\/p>\n","protected":false},"author":1,"featured_media":0,"comment_status":"open","ping_status":"closed","sticky":false,"template":"","format":"standard","meta":{"footnotes":""},"categories":[1],"tags":[],"class_list":["post-882","post","type-post","status-publish","format-standard","hentry","category-vie-associative"],"_links":{"self":[{"href":"https:\/\/www.amisdesjardinsfamiliauxdesaverne.fr\/index.php?rest_route=\/wp\/v2\/posts\/882","targetHints":{"allow":["GET"]}}],"collection":[{"href":"https:\/\/www.amisdesjardinsfamiliauxdesaverne.fr\/index.php?rest_route=\/wp\/v2\/posts"}],"about":[{"href":"https:\/\/www.amisdesjardinsfamiliauxdesaverne.fr\/index.php?rest_route=\/wp\/v2\/types\/post"}],"author":[{"embeddable":true,"href":"https:\/\/www.amisdesjardinsfamiliauxdesaverne.fr\/index.php?rest_route=\/wp\/v2\/users\/1"}],"replies":[{"embeddable":true,"href":"https:\/\/www.amisdesjardinsfamiliauxdesaverne.fr\/index.php?rest_route=%2Fwp%2Fv2%2Fcomments&post=882"}],"version-history":[{"count":1,"href":"https:\/\/www.amisdesjardinsfamiliauxdesaverne.fr\/index.php?rest_route=\/wp\/v2\/posts\/882\/revisions"}],"predecessor-version":[{"id":883,"href":"https:\/\/www.amisdesjardinsfamiliauxdesaverne.fr\/index.php?rest_route=\/wp\/v2\/posts\/882\/revisions\/883"}],"wp:attachment":[{"href":"https:\/\/www.amisdesjardinsfamiliauxdesaverne.fr\/index.php?rest_route=%2Fwp%2Fv2%2Fmedia&parent=882"}],"wp:term":[{"taxonomy":"category","embeddable":true,"href":"https:\/\/www.amisdesjardinsfamiliauxdesaverne.fr\/index.php?rest_route=%2Fwp%2Fv2%2Fcategories&post=882"},{"taxonomy":"post_tag","embeddable":true,"href":"https:\/\/www.amisdesjardinsfamiliauxdesaverne.fr\/index.php?rest_route=%2Fwp%2Fv2%2Ftags&post=882"}],"curies":[{"name":"wp","href":"https:\/\/api.w.org\/{rel}","templated":true}]}}