{"id":888,"date":"2016-07-05T13:42:58","date_gmt":"2016-07-05T12:42:58","guid":{"rendered":"http:\/\/www.amisdesjardinsfamiliauxdesaverne.fr\/?p=888"},"modified":"2016-07-05T14:11:40","modified_gmt":"2016-07-05T13:11:40","slug":"annee-de-lepouvantail","status":"publish","type":"post","link":"https:\/\/www.amisdesjardinsfamiliauxdesaverne.fr\/?p=888","title":{"rendered":"Ann\u00e9e de l&rsquo;\u00e9pouvantail"},"content":{"rendered":"<p>Le 2 juillet, un jury compos\u00e9 de 5 jardiniers allemands et de 5 jardiniers fran\u00e7ais a d\u00e9sign\u00e9 les 3 laur\u00e9ats de notre concours 2016<\/p>\n<p style=\"text-align: center;\">1er prix: Mme LITT Mich\u00e8le<\/p>\n<p style=\"text-align: center;\"><a href=\"https:\/\/www.amisdesjardinsfamiliauxdesaverne.fr\/wp-content\/uploads\/2016\/07\/epouvantail-n\u00b0-24-e1467722200321.jpg\"><img loading=\"lazy\" decoding=\"async\" class=\"alignnone wp-image-889 colorbox-888\" src=\"https:\/\/www.amisdesjardinsfamiliauxdesaverne.fr\/wp-content\/uploads\/2016\/07\/epouvantail-n\u00b0-24-e1467722200321-169x300.jpg\" alt=\"epouvantail n\u00b0 24\" width=\"102\" height=\"173\" \/><\/a><\/p>\n<p style=\"text-align: center;\">2\u00e8me prix: Mme Marjolaine Stuber<\/p>\n<p style=\"text-align: center;\"><a href=\"https:\/\/www.amisdesjardinsfamiliauxdesaverne.fr\/wp-content\/uploads\/2016\/07\/epouvantail-n\u00b0-40-bis-e1467722392752.jpg\"><img loading=\"lazy\" decoding=\"async\" class=\"alignnone wp-image-890 colorbox-888\" src=\"https:\/\/www.amisdesjardinsfamiliauxdesaverne.fr\/wp-content\/uploads\/2016\/07\/epouvantail-n\u00b0-40-bis-e1467722392752-225x300.jpg\" alt=\"epouvantail n\u00b0 40 bis\" width=\"107\" height=\"140\" \/><\/a><\/p>\n<p style=\"text-align: center;\">3\u00e8me prix: Mme Nicole Holstein<\/p>\n<p style=\"text-align: center;\"><a href=\"https:\/\/www.amisdesjardinsfamiliauxdesaverne.fr\/wp-content\/uploads\/2016\/07\/epouvantail-n\u00b0-12-2-e1467722753274.jpg\"><img loading=\"lazy\" decoding=\"async\" class=\"alignnone wp-image-895 colorbox-888\" src=\"https:\/\/www.amisdesjardinsfamiliauxdesaverne.fr\/wp-content\/uploads\/2016\/07\/epouvantail-n\u00b0-12-2-e1467722753274-169x300.jpg\" alt=\"epouvantail n\u00b0 12\" width=\"102\" height=\"173\" \/><\/a><\/p>\n<p>Bravo aux trois laur\u00e9ates et merci \u00e0 tous les participants \u00e0 notre concours annuel.<\/p>\n<p>Pour voir toutes les r\u00e9alisations rendez vous dans la rubrique \u00ab\u00a0galeries photos\u00a0\u00bb<\/p>\n","protected":false},"excerpt":{"rendered":"<p>Le 2 juillet, un jury compos\u00e9 de 5 jardiniers allemands et de 5 jardiniers fran\u00e7ais a d\u00e9sign\u00e9 les 3 laur\u00e9ats de notre concours 2016 1er prix: Mme LITT Mich\u00e8le 2\u00e8me prix: Mme Marjolaine Stuber 3\u00e8me prix: Mme Nicole Holstein Bravo &hellip; <a href=\"https:\/\/www.amisdesjardinsfamiliauxdesaverne.fr\/?p=888\">Continuer la lecture <span class=\"meta-nav\">&rarr;<\/span><\/a><\/p>\n","protected":false},"author":1,"featured_media":0,"comment_status":"open","ping_status":"closed","sticky":false,"template":"","format":"standard","meta":{"footnotes":""},"categories":[1],"tags":[],"class_list":["post-888","post","type-post","status-publish","format-standard","hentry","category-vie-associative"],"_links":{"self":[{"href":"https:\/\/www.amisdesjardinsfamiliauxdesaverne.fr\/index.php?rest_route=\/wp\/v2\/posts\/888","targetHints":{"allow":["GET"]}}],"collection":[{"href":"https:\/\/www.amisdesjardinsfamiliauxdesaverne.fr\/index.php?rest_route=\/wp\/v2\/posts"}],"about":[{"href":"https:\/\/www.amisdesjardinsfamiliauxdesaverne.fr\/index.php?rest_route=\/wp\/v2\/types\/post"}],"author":[{"embeddable":true,"href":"https:\/\/www.amisdesjardinsfamiliauxdesaverne.fr\/index.php?rest_route=\/wp\/v2\/users\/1"}],"replies":[{"embeddable":true,"href":"https:\/\/www.amisdesjardinsfamiliauxdesaverne.fr\/index.php?rest_route=%2Fwp%2Fv2%2Fcomments&post=888"}],"version-history":[{"count":5,"href":"https:\/\/www.amisdesjardinsfamiliauxdesaverne.fr\/index.php?rest_route=\/wp\/v2\/posts\/888\/revisions"}],"predecessor-version":[{"id":921,"href":"https:\/\/www.amisdesjardinsfamiliauxdesaverne.fr\/index.php?rest_route=\/wp\/v2\/posts\/888\/revisions\/921"}],"wp:attachment":[{"href":"https:\/\/www.amisdesjardinsfamiliauxdesaverne.fr\/index.php?rest_route=%2Fwp%2Fv2%2Fmedia&parent=888"}],"wp:term":[{"taxonomy":"category","embeddable":true,"href":"https:\/\/www.amisdesjardinsfamiliauxdesaverne.fr\/index.php?rest_route=%2Fwp%2Fv2%2Fcategories&post=888"},{"taxonomy":"post_tag","embeddable":true,"href":"https:\/\/www.amisdesjardinsfamiliauxdesaverne.fr\/index.php?rest_route=%2Fwp%2Fv2%2Ftags&post=888"}],"curies":[{"name":"wp","href":"https:\/\/api.w.org\/{rel}","templated":true}]}}