{"id":983,"date":"2016-08-15T08:09:51","date_gmt":"2016-08-15T07:09:51","guid":{"rendered":"http:\/\/www.amisdesjardinsfamiliauxdesaverne.fr\/?p=983"},"modified":"2016-08-15T08:10:47","modified_gmt":"2016-08-15T07:10:47","slug":"seance-de-travail-collectif-4","status":"publish","type":"post","link":"https:\/\/www.amisdesjardinsfamiliauxdesaverne.fr\/?p=983","title":{"rendered":"S\u00e9ance de travail collectif"},"content":{"rendered":"<p>Nous nous retrouverons samedi 20 ao\u00fbt pour une s\u00e9ance de travail consacr\u00e9e \u00e0 l&rsquo;installation de la nouvelle serre.<\/p>\n<p>Au programme: d\u00e9montage d&rsquo;une partie de l&rsquo;ancienne serre et terrassement.<\/p>\n<p>Responsable: Jacky Ledig<\/p>\n<p>Rendez vous \u00e0 8h30 au chalet.<\/p>\n","protected":false},"excerpt":{"rendered":"<p>Nous nous retrouverons samedi 20 ao\u00fbt pour une s\u00e9ance de travail consacr\u00e9e \u00e0 l&rsquo;installation de la nouvelle serre. Au programme: d\u00e9montage d&rsquo;une partie de l&rsquo;ancienne serre et terrassement. Responsable: Jacky Ledig Rendez vous \u00e0 8h30 au chalet.<\/p>\n","protected":false},"author":1,"featured_media":0,"comment_status":"closed","ping_status":"closed","sticky":false,"template":"","format":"standard","meta":{"footnotes":""},"categories":[1],"tags":[],"class_list":["post-983","post","type-post","status-publish","format-standard","hentry","category-vie-associative"],"_links":{"self":[{"href":"https:\/\/www.amisdesjardinsfamiliauxdesaverne.fr\/index.php?rest_route=\/wp\/v2\/posts\/983","targetHints":{"allow":["GET"]}}],"collection":[{"href":"https:\/\/www.amisdesjardinsfamiliauxdesaverne.fr\/index.php?rest_route=\/wp\/v2\/posts"}],"about":[{"href":"https:\/\/www.amisdesjardinsfamiliauxdesaverne.fr\/index.php?rest_route=\/wp\/v2\/types\/post"}],"author":[{"embeddable":true,"href":"https:\/\/www.amisdesjardinsfamiliauxdesaverne.fr\/index.php?rest_route=\/wp\/v2\/users\/1"}],"replies":[{"embeddable":true,"href":"https:\/\/www.amisdesjardinsfamiliauxdesaverne.fr\/index.php?rest_route=%2Fwp%2Fv2%2Fcomments&post=983"}],"version-history":[{"count":2,"href":"https:\/\/www.amisdesjardinsfamiliauxdesaverne.fr\/index.php?rest_route=\/wp\/v2\/posts\/983\/revisions"}],"predecessor-version":[{"id":985,"href":"https:\/\/www.amisdesjardinsfamiliauxdesaverne.fr\/index.php?rest_route=\/wp\/v2\/posts\/983\/revisions\/985"}],"wp:attachment":[{"href":"https:\/\/www.amisdesjardinsfamiliauxdesaverne.fr\/index.php?rest_route=%2Fwp%2Fv2%2Fmedia&parent=983"}],"wp:term":[{"taxonomy":"category","embeddable":true,"href":"https:\/\/www.amisdesjardinsfamiliauxdesaverne.fr\/index.php?rest_route=%2Fwp%2Fv2%2Fcategories&post=983"},{"taxonomy":"post_tag","embeddable":true,"href":"https:\/\/www.amisdesjardinsfamiliauxdesaverne.fr\/index.php?rest_route=%2Fwp%2Fv2%2Ftags&post=983"}],"curies":[{"name":"wp","href":"https:\/\/api.w.org\/{rel}","templated":true}]}}